{"id":25566,"date":"2018-04-22T23:46:29","date_gmt":"2018-04-23T04:46:29","guid":{"rendered":"http:\/\/elinformanteperu.com\/?p=25566"},"modified":"2018-04-22T23:46:29","modified_gmt":"2018-04-23T04:46:29","slug":"cosecharan-mas-de-15-toneladas-de-aceitunas-del-olivar-de-san-isidro","status":"publish","type":"post","link":"https:\/\/elinformanteperu.com\/index.php\/2018\/04\/22\/cosecharan-mas-de-15-toneladas-de-aceitunas-del-olivar-de-san-isidro\/","title":{"rendered":"Cosechar\u00e1n m\u00e1s de 15 toneladas de aceitunas del Olivar de San Isidro"},"content":{"rendered":"<p><strong><span style=\"color: #000000;\">La Municipalidad de San Isidro inici\u00f3 la temporada de cosecha de aceitunas producidas por los centenarios \u00e1rboles de olivo del tradicional bosque El Olivar.<\/span><\/strong><\/p>\n<p><span style=\"color: #000000;\"><strong>Lima, 22 de Abril 2018, (ANDINA).-<\/strong> La Municipalidad de San Isidro inici\u00f3 la temporada de cosecha de aceitunas producidas por los centenarios \u00e1rboles de olivo del tradicional bosque El Olivar.<\/span><\/p>\n<p><span style=\"color: #000000;\">Se estima que ser\u00e1n m\u00e1s de 15 toneladas de aceitunas las que se recolectar\u00e1n en el transcurso de las pr\u00f3ximas ocho semanas.<\/span><\/p>\n<p><span style=\"color: #000000;\">Este procedimiento, que no se realiza desde hace casi una d\u00e9cada, es el resultado del programa \u201cAl rescate del Bosque El Olivar\u201d que emprendi\u00f3 la comuna desde enero de 2015.<\/span><\/p>\n<p><span style=\"color: #000000;\">El objetivo fue recuperar los m\u00e1s de 1,600 \u00e1rboles de olivo, en su mayor\u00eda centenarios, que se ubican en las cerca de 10 hect\u00e1reas que comprenden el bosque.<\/span><\/p>\n<p><span style=\"color: #000000;\">\u201cLuego de muchos a\u00f1os los \u00e1rboles del bosque vuelven a producir aceitunas y ese es el resultado del intenso y cuidadoso trabajo que hemos desarrollando para recuperar El Olivar\u201d, manifest\u00f3 el alcalde Manuel Velarde.<\/span><\/p>\n<p><span style=\"color: #000000;\">Para ello se han desarrollado permanentes acciones de poda, lavado, fertilizaci\u00f3n y control fitosanitario a cargo de un equipo t\u00e9cnico altamente calificado, que dan como resultado que hoy sea posible volver a contar con los frutos para su recolecci\u00f3n.<\/span><\/p>\n<p><span style=\"color: #000000;\">Las jornadas de cosecha se realizan bajo estrictos procedimientos y protocolos, supervisados por personal de la comuna.<\/span><\/p>\n<p><span style=\"color: #000000;\">Los frutos de olivos llevar\u00e1n un adecuado proceso que permita crear aceite de oliva virgen y extra virgen para el consumo de los vecinos del distrito.<\/span><\/p>\n<p><span style=\"color: #000000;\">Para las jornadas de cosecha se invita a los vecinos del distrito con la finalidad de hacerlos part\u00edcipes de ese proceso y que conozcan el procedimiento de la recuperaci\u00f3n de los \u00e1rboles y de la propia recolecci\u00f3n.<\/span><\/p>\n<p><span style=\"color: #000000;\">De igual manera, se ha puesto a disposici\u00f3n las m\u00e1s de 140 c\u00e1maras de v\u00eddeovigilancia ubicadas en todo el distrito.<\/span><\/p>\n","protected":false},"excerpt":{"rendered":"<p>La Municipalidad de San Isidro inici\u00f3 la temporada de cosecha de aceitunas producidas por los centenarios \u00e1rboles de olivo del tradicional bosque El Olivar. Lima, 22 de Abril 2018, (ANDINA).- La Municipalidad de San Isidro inici\u00f3 la temporada de cosecha de aceitunas producidas por los centenarios \u00e1rboles de olivo del tradicional bosque El Olivar. Se [&hellip;]<\/p>\n","protected":false},"author":1,"featured_media":25568,"comment_status":"open","ping_status":"open","sticky":false,"template":"","format":"standard","meta":{"rop_custom_images_group":[],"rop_custom_messages_group":[],"rop_publish_now":"initial","rop_publish_now_accounts":[],"rop_publish_now_history":[],"rop_publish_now_status":"pending","footnotes":""},"categories":[10],"tags":[450],"class_list":["post-25566","post","type-post","status-publish","format-standard","has-post-thumbnail","hentry","category-actualidad-municipal","tag-municipalidad-de-san-isidro"],"_links":{"self":[{"href":"https:\/\/elinformanteperu.com\/index.php\/wp-json\/wp\/v2\/posts\/25566","targetHints":{"allow":["GET"]}}],"collection":[{"href":"https:\/\/elinformanteperu.com\/index.php\/wp-json\/wp\/v2\/posts"}],"about":[{"href":"https:\/\/elinformanteperu.com\/index.php\/wp-json\/wp\/v2\/types\/post"}],"author":[{"embeddable":true,"href":"https:\/\/elinformanteperu.com\/index.php\/wp-json\/wp\/v2\/users\/1"}],"replies":[{"embeddable":true,"href":"https:\/\/elinformanteperu.com\/index.php\/wp-json\/wp\/v2\/comments?post=25566"}],"version-history":[{"count":1,"href":"https:\/\/elinformanteperu.com\/index.php\/wp-json\/wp\/v2\/posts\/25566\/revisions"}],"predecessor-version":[{"id":25569,"href":"https:\/\/elinformanteperu.com\/index.php\/wp-json\/wp\/v2\/posts\/25566\/revisions\/25569"}],"wp:featuredmedia":[{"embeddable":true,"href":"https:\/\/elinformanteperu.com\/index.php\/wp-json\/wp\/v2\/media\/25568"}],"wp:attachment":[{"href":"https:\/\/elinformanteperu.com\/index.php\/wp-json\/wp\/v2\/media?parent=25566"}],"wp:term":[{"taxonomy":"category","embeddable":true,"href":"https:\/\/elinformanteperu.com\/index.php\/wp-json\/wp\/v2\/categories?post=25566"},{"taxonomy":"post_tag","embeddable":true,"href":"https:\/\/elinformanteperu.com\/index.php\/wp-json\/wp\/v2\/tags?post=25566"}],"curies":[{"name":"wp","href":"https:\/\/api.w.org\/{rel}","templated":true}]}}