{"id":25541,"date":"2018-04-22T22:01:09","date_gmt":"2018-04-23T03:01:09","guid":{"rendered":"http:\/\/elinformanteperu.com\/?p=25541"},"modified":"2018-04-22T22:04:32","modified_gmt":"2018-04-23T03:04:32","slug":"actor-que-dio-vida-a-mini-me-en-austin-powers-murio-a-los-49-anos","status":"publish","type":"post","link":"https:\/\/elinformanteperu.com\/index.php\/2018\/04\/22\/actor-que-dio-vida-a-mini-me-en-austin-powers-murio-a-los-49-anos\/","title":{"rendered":"Actor que dio vida a \u00abMini-me\u00bb en Austin Powers muri\u00f3 a los 49 a\u00f1os"},"content":{"rendered":"<p><strong><span style=\"color: #000000;\">El actor Verne Troyer, popular por su interpretaci\u00f3n como \u00abMini-me\u00bb en las pel\u00edculas \u00abAustin Powers\u00bb, muri\u00f3 a los 49 a\u00f1os.<\/span><\/strong><\/p>\n<p><span style=\"color: #000000;\"><strong>Lima, 22 de Abril 2018, (ANDINA).-<\/strong> El actor Verne Troyer, popular por su interpretaci\u00f3n como \u00abMini-me\u00bb en las pel\u00edculas \u00abAustin Powers\u00bb, muri\u00f3 a los 49 a\u00f1os, seg\u00fan se anunci\u00f3 en su cuenta de Instagram.<\/span><\/p>\n<p><span style=\"color: #000000;\">\u00abEs con una gran tristeza y un profundo pesar en nuestros corazones escribir que Verne falleci\u00f3\u00bb, se le\u00eda en el perfil del actor junto a una fotograf\u00eda suya.<\/span><\/p>\n<p><iframe src=\"https:\/\/www.youtube-nocookie.com\/embed\/vFhrc32kF6E?rel=0&amp;controls=0&amp;showinfo=0\" width=\"560\" height=\"315\" frameborder=\"0\" allowfullscreen=\"allowfullscreen\"><\/iframe><\/p>\n","protected":false},"excerpt":{"rendered":"<p>El actor Verne Troyer, popular por su interpretaci\u00f3n como \u00abMini-me\u00bb en las pel\u00edculas \u00abAustin Powers\u00bb, muri\u00f3 a los 49 a\u00f1os. Lima, 22 de Abril 2018, (ANDINA).- El actor Verne Troyer, popular por su interpretaci\u00f3n como \u00abMini-me\u00bb en las pel\u00edculas \u00abAustin Powers\u00bb, muri\u00f3 a los 49 a\u00f1os, seg\u00fan se anunci\u00f3 en su cuenta de Instagram. \u00abEs [&hellip;]<\/p>\n","protected":false},"author":1,"featured_media":25543,"comment_status":"open","ping_status":"open","sticky":false,"template":"","format":"standard","meta":{"rop_custom_images_group":[],"rop_custom_messages_group":[],"rop_publish_now":"initial","rop_publish_now_accounts":[],"rop_publish_now_history":[],"rop_publish_now_status":"pending","footnotes":""},"categories":[7],"tags":[3032,488],"class_list":["post-25541","post","type-post","status-publish","format-standard","has-post-thumbnail","hentry","category-butaca","tag-austin-powers","tag-cine"],"_links":{"self":[{"href":"https:\/\/elinformanteperu.com\/index.php\/wp-json\/wp\/v2\/posts\/25541","targetHints":{"allow":["GET"]}}],"collection":[{"href":"https:\/\/elinformanteperu.com\/index.php\/wp-json\/wp\/v2\/posts"}],"about":[{"href":"https:\/\/elinformanteperu.com\/index.php\/wp-json\/wp\/v2\/types\/post"}],"author":[{"embeddable":true,"href":"https:\/\/elinformanteperu.com\/index.php\/wp-json\/wp\/v2\/users\/1"}],"replies":[{"embeddable":true,"href":"https:\/\/elinformanteperu.com\/index.php\/wp-json\/wp\/v2\/comments?post=25541"}],"version-history":[{"count":3,"href":"https:\/\/elinformanteperu.com\/index.php\/wp-json\/wp\/v2\/posts\/25541\/revisions"}],"predecessor-version":[{"id":25546,"href":"https:\/\/elinformanteperu.com\/index.php\/wp-json\/wp\/v2\/posts\/25541\/revisions\/25546"}],"wp:featuredmedia":[{"embeddable":true,"href":"https:\/\/elinformanteperu.com\/index.php\/wp-json\/wp\/v2\/media\/25543"}],"wp:attachment":[{"href":"https:\/\/elinformanteperu.com\/index.php\/wp-json\/wp\/v2\/media?parent=25541"}],"wp:term":[{"taxonomy":"category","embeddable":true,"href":"https:\/\/elinformanteperu.com\/index.php\/wp-json\/wp\/v2\/categories?post=25541"},{"taxonomy":"post_tag","embeddable":true,"href":"https:\/\/elinformanteperu.com\/index.php\/wp-json\/wp\/v2\/tags?post=25541"}],"curies":[{"name":"wp","href":"https:\/\/api.w.org\/{rel}","templated":true}]}}