{"id":25518,"date":"2018-04-22T09:58:36","date_gmt":"2018-04-22T14:58:36","guid":{"rendered":"http:\/\/elinformanteperu.com\/?p=25518"},"modified":"2018-04-22T09:58:36","modified_gmt":"2018-04-22T14:58:36","slug":"comision-lava-jato-evalua-citar-a-fernando-olivera-de-grado-o-fuerza","status":"publish","type":"post","link":"https:\/\/elinformanteperu.com\/index.php\/2018\/04\/22\/comision-lava-jato-evalua-citar-a-fernando-olivera-de-grado-o-fuerza\/","title":{"rendered":"Comisi\u00f3n Lava Jato eval\u00faa citar a Fernando Olivera de grado o fuerza"},"content":{"rendered":"<p><strong><span style=\"color: #000000;\">La comisi\u00f3n parlamentaria que investiga el caso Lava Jato aplicar\u00e1 apremios legales para que el exministro de Justicia Fernando Olivera acuda a ese grupo de trabajo.<\/span><\/strong><\/p>\n<p><span style=\"color: #000000;\"><strong>Lima, 22 de Abril 2018, &#8211; (El Informante Per\u00fa).-<\/strong> La comisi\u00f3n parlamentaria que investiga el caso Lava Jato aplicar\u00e1 apremios legales para que el exministro de Justicia Fernando Olivera acuda a ese grupo de trabajo e informe sobre la concesi\u00f3n del proyecto Interoce\u00e1nica Sur a un consorcio integrado por Odebrecht.<\/span><\/p>\n<p><span style=\"color: #000000;\">El grupo parlamentario, presidido por la congresista Rosa Bartra, detall\u00f3 que esos recursos legales incluyen el traslado de grado o fuerza a Fernando Olivera con apoyo de la autoridad policial.<\/span><\/p>\n<p><span style=\"color: #000000;\">En la v\u00edspera, Fernando Olivera, exministro en el gobierno de Alejandro Toledo, devolvi\u00f3 la citaci\u00f3n que se le hab\u00eda cursado al domicilio que registra en su DNI.<\/span><\/p>\n<p><span style=\"color: #000000;\">La legisladora Rosa Mar\u00eda Bartra Barriga, de Fuerza Popular, record\u00f3 que el grupo de trabajo a su cargo cuenta con las mismas facultades que una fiscal\u00eda y asegur\u00f3 que se recurrir\u00e1 a los apremios del caso.<\/span><\/p>\n<p><span style=\"color: #000000;\">La presencia del exministro y excandidato presidencial fue requerida a propuesta de Mauricio Mulder (Apra), quien destac\u00f3 que el citado se ha referido en alguna oportunidad como el responsable de haber sacado adelante la Interoce\u00e1nica.<\/span><\/p>\n<p><span style=\"color: #000000;\">Jorge Barata, representante de Odebrecht, ha se\u00f1alado que por la concesi\u00f3n de dicha obra se pag\u00f3 una coima de US$ 20 millones a Toledo, versi\u00f3n ratificada por Josep Maiman.<\/span><\/p>\n<p><strong><span style=\"color: #000000;\">Convocados<\/span><\/strong><\/p>\n<p><span style=\"color: #000000;\">Por otro lado, la comisi\u00f3n investigadora recibi\u00f3 en su sesi\u00f3n vespertina a R\u00f3mulo Jorge Pe\u00f1aranda Casta\u00f1eda, jefe de estudio de Consorcio Vial Sur y representante de Alpha Consult, quien respondi\u00f3 sobre su participaci\u00f3n en el estudio de factibilidad del proyecto Corredor Vial Interoce\u00e1nico Sur Per\u00fa-Brasil, tramos 2, 3 y 4, IIRSA Sur y sobre los estudios de supervisi\u00f3n realizados.<\/span><\/p>\n<p><span style=\"color: #000000;\">Pe\u00f1aranda afirm\u00f3 que, en un proyecto como la Interoce\u00e1nica, la variaci\u00f3n entre el presupuesto inicial y los costos totales no deber\u00edan haber sido superiores al 100 por ciento; sin embargo, Bartra le record\u00f3 que la diferencia es de m\u00e1s de 200 por ciento.<\/span><\/p>\n<p><span style=\"color: #000000;\">Tambi\u00e9n detall\u00f3 que se recortaron los plazos para la entrega del informe de factibilidad a pedido de altos funcionarios del Ministerio de Transportes y Comunicaciones, y que este fue aprobado por dicho sector en apenas dos d\u00edas, pese a que se trata de 60 tomos y m\u00e1s de 27,000 p\u00e1ginas.<\/span><\/p>\n<p><span style=\"color: #000000;\">Pe\u00f1aranda admiti\u00f3 que tiene una cuenta en la banca de Andorra, como se\u00f1al\u00f3 un informe de la Polic\u00eda de ese pa\u00eds, y reconoci\u00f3 que en ella Odebrecht le pag\u00f3 por servicios profesionales que a t\u00edtulo personal brind\u00f3 a dicha constructora. No quiso revelar el monto.<\/span><\/p>\n","protected":false},"excerpt":{"rendered":"<p>La comisi\u00f3n parlamentaria que investiga el caso Lava Jato aplicar\u00e1 apremios legales para que el exministro de Justicia Fernando Olivera acuda a ese grupo de trabajo. Lima, 22 de Abril 2018, &#8211; (El Informante Per\u00fa).- La comisi\u00f3n parlamentaria que investiga el caso Lava Jato aplicar\u00e1 apremios legales para que el exministro de Justicia Fernando Olivera [&hellip;]<\/p>\n","protected":false},"author":1,"featured_media":25520,"comment_status":"open","ping_status":"open","sticky":false,"template":"","format":"standard","meta":{"rop_custom_images_group":[],"rop_custom_messages_group":[],"rop_publish_now":"initial","rop_publish_now_accounts":[],"rop_publish_now_history":[],"rop_publish_now_status":"pending","footnotes":""},"categories":[5],"tags":[192,672,525],"class_list":["post-25518","post","type-post","status-publish","format-standard","has-post-thumbnail","hentry","category-actualidad-informativa","tag-congreso","tag-fernando-olivera","tag-rosa-bartra"],"_links":{"self":[{"href":"https:\/\/elinformanteperu.com\/index.php\/wp-json\/wp\/v2\/posts\/25518","targetHints":{"allow":["GET"]}}],"collection":[{"href":"https:\/\/elinformanteperu.com\/index.php\/wp-json\/wp\/v2\/posts"}],"about":[{"href":"https:\/\/elinformanteperu.com\/index.php\/wp-json\/wp\/v2\/types\/post"}],"author":[{"embeddable":true,"href":"https:\/\/elinformanteperu.com\/index.php\/wp-json\/wp\/v2\/users\/1"}],"replies":[{"embeddable":true,"href":"https:\/\/elinformanteperu.com\/index.php\/wp-json\/wp\/v2\/comments?post=25518"}],"version-history":[{"count":1,"href":"https:\/\/elinformanteperu.com\/index.php\/wp-json\/wp\/v2\/posts\/25518\/revisions"}],"predecessor-version":[{"id":25521,"href":"https:\/\/elinformanteperu.com\/index.php\/wp-json\/wp\/v2\/posts\/25518\/revisions\/25521"}],"wp:featuredmedia":[{"embeddable":true,"href":"https:\/\/elinformanteperu.com\/index.php\/wp-json\/wp\/v2\/media\/25520"}],"wp:attachment":[{"href":"https:\/\/elinformanteperu.com\/index.php\/wp-json\/wp\/v2\/media?parent=25518"}],"wp:term":[{"taxonomy":"category","embeddable":true,"href":"https:\/\/elinformanteperu.com\/index.php\/wp-json\/wp\/v2\/categories?post=25518"},{"taxonomy":"post_tag","embeddable":true,"href":"https:\/\/elinformanteperu.com\/index.php\/wp-json\/wp\/v2\/tags?post=25518"}],"curies":[{"name":"wp","href":"https:\/\/api.w.org\/{rel}","templated":true}]}}