{"id":25510,"date":"2018-04-20T21:43:48","date_gmt":"2018-04-21T02:43:48","guid":{"rendered":"http:\/\/elinformanteperu.com\/?p=25510"},"modified":"2018-04-20T21:43:49","modified_gmt":"2018-04-21T02:43:49","slug":"nat-geo-2018-contribuira-a-la-conservacion-de-las-areas-protegidas-amazonicas","status":"publish","type":"post","link":"https:\/\/elinformanteperu.com\/index.php\/2018\/04\/20\/nat-geo-2018-contribuira-a-la-conservacion-de-las-areas-protegidas-amazonicas\/","title":{"rendered":"Nat Geo 2018 contribuir\u00e1 a la conservaci\u00f3n de las \u00e1reas protegidas amaz\u00f3nicas"},"content":{"rendered":"<p><strong><span style=\"color: #000000;\">El Per\u00fa ser\u00e1 escenario de la carrera Nat Geo y se convertir\u00e1 nuevamente en una carrera carbono neutral por el compromiso en la lucha contra el cambio clim\u00e1tico.\u00a0<\/span><\/strong><\/p>\n<p><span style=\"color: #000000;\"><strong>Lima, 20 de Abril 2018, &#8211; (El Informante Per\u00fa).-<\/strong> Por cuarto a\u00f1o consecutivo, el Per\u00fa ser\u00e1 escenario de la carrera Nat Geo y se convertir\u00e1 nuevamente en una carrera carbono neutral por el compromiso de sus organizadores en la lucha contra el cambio clim\u00e1tico. Pero adem\u00e1s, han adquirido cr\u00e9ditos de carbono de manera voluntaria para contribuir a la conservaci\u00f3n de las \u00e1reas naturales protegidas amaz\u00f3nicas como la Reserva Nacional Tambopata.<\/span><\/p>\n<p><span style=\"color: #000000;\">Con la compra de estos cr\u00e9ditos de carbono se beneficia la conservaci\u00f3n de m\u00e1s de dos millones de hect\u00e1reas de bosques y la implementaci\u00f3n de actividades econ\u00f3micas productivas sostenibles como caf\u00e9 y cacao, evitando as\u00ed la deforestaci\u00f3n de los bosques y brindando oportunidades a las poblaciones locales.<\/span><\/p>\n<p><span style=\"color: #000000;\">La carrera, que se realizar\u00e1 el domingo 22 de abril desde las 8 a.m., abarcar\u00e1 una caminata de 5K y una marat\u00f3n de 10K teniendo ambas como punto de partida el parque Combate de Abtao del distrito de San Isidro.<\/span><\/p>\n<p><span style=\"color: #000000;\">En esta fiesta deportiva participar\u00e1 la ministra del Ambiente, Fabiola Mu\u00f1oz; los viceministros del sector Luc\u00eda Ru\u00edz y Marcos Alegre; el jefe del SERNANP, Pedro Gamboa; el alcalde de San Borja, Marco \u00c1lvarez, as\u00ed como personalidades del medio local.<\/span><\/p>\n<p><span style=\"color: #000000;\">Durante este evento se celebrar\u00e1 la promulgaci\u00f3n de la Ley de Cambio Clim\u00e1tico, un gran logro para el pa\u00eds.<\/span><\/p>\n<p><strong><span style=\"color: #000000;\">El dato<\/span><\/strong><\/p>\n<p><span style=\"color: #000000;\">Como cada a\u00f1o esta carrera, organizada por la National Geographic Channel, se realiza en simult\u00e1neo en varias ciudades de Am\u00e9rica Latina, en conmemoraci\u00f3n del D\u00eda de la Tierra.<\/span><\/p>\n<p><img fetchpriority=\"high\" decoding=\"async\" class=\"aligncenter size-full wp-image-25513\" src=\"http:\/\/elinformanteperu.com\/wp-content\/uploads\/2018\/04\/SERNANP-Carrera-Nat-Geo.jpg\" alt=\"\" width=\"5472\" height=\"3648\" srcset=\"https:\/\/elinformanteperu.com\/wp-content\/uploads\/2018\/04\/SERNANP-Carrera-Nat-Geo.jpg 5472w, https:\/\/elinformanteperu.com\/wp-content\/uploads\/2018\/04\/SERNANP-Carrera-Nat-Geo-300x200.jpg 300w, https:\/\/elinformanteperu.com\/wp-content\/uploads\/2018\/04\/SERNANP-Carrera-Nat-Geo-768x512.jpg 768w, https:\/\/elinformanteperu.com\/wp-content\/uploads\/2018\/04\/SERNANP-Carrera-Nat-Geo-1024x683.jpg 1024w, https:\/\/elinformanteperu.com\/wp-content\/uploads\/2018\/04\/SERNANP-Carrera-Nat-Geo-128x85.jpg 128w, https:\/\/elinformanteperu.com\/wp-content\/uploads\/2018\/04\/SERNANP-Carrera-Nat-Geo-32x21.jpg 32w\" sizes=\"(max-width: 5472px) 100vw, 5472px\" \/><\/p>\n","protected":false},"excerpt":{"rendered":"<p>El Per\u00fa ser\u00e1 escenario de la carrera Nat Geo y se convertir\u00e1 nuevamente en una carrera carbono neutral por el compromiso en la lucha contra el cambio clim\u00e1tico.\u00a0 Lima, 20 de Abril 2018, &#8211; (El Informante Per\u00fa).- Por cuarto a\u00f1o consecutivo, el Per\u00fa ser\u00e1 escenario de la carrera Nat Geo y se convertir\u00e1 nuevamente en [&hellip;]<\/p>\n","protected":false},"author":1,"featured_media":25512,"comment_status":"open","ping_status":"open","sticky":false,"template":"","format":"standard","meta":{"rop_custom_images_group":[],"rop_custom_messages_group":[],"rop_publish_now":"initial","rop_publish_now_accounts":[],"rop_publish_now_history":[],"rop_publish_now_status":"pending","footnotes":""},"categories":[10],"tags":[1549,3031,103],"class_list":["post-25510","post","type-post","status-publish","format-standard","has-post-thumbnail","hentry","category-actualidad-municipal","tag-municipalidad-de-san-borja","tag-nat-geo","tag-sernanp"],"_links":{"self":[{"href":"https:\/\/elinformanteperu.com\/index.php\/wp-json\/wp\/v2\/posts\/25510","targetHints":{"allow":["GET"]}}],"collection":[{"href":"https:\/\/elinformanteperu.com\/index.php\/wp-json\/wp\/v2\/posts"}],"about":[{"href":"https:\/\/elinformanteperu.com\/index.php\/wp-json\/wp\/v2\/types\/post"}],"author":[{"embeddable":true,"href":"https:\/\/elinformanteperu.com\/index.php\/wp-json\/wp\/v2\/users\/1"}],"replies":[{"embeddable":true,"href":"https:\/\/elinformanteperu.com\/index.php\/wp-json\/wp\/v2\/comments?post=25510"}],"version-history":[{"count":1,"href":"https:\/\/elinformanteperu.com\/index.php\/wp-json\/wp\/v2\/posts\/25510\/revisions"}],"predecessor-version":[{"id":25514,"href":"https:\/\/elinformanteperu.com\/index.php\/wp-json\/wp\/v2\/posts\/25510\/revisions\/25514"}],"wp:featuredmedia":[{"embeddable":true,"href":"https:\/\/elinformanteperu.com\/index.php\/wp-json\/wp\/v2\/media\/25512"}],"wp:attachment":[{"href":"https:\/\/elinformanteperu.com\/index.php\/wp-json\/wp\/v2\/media?parent=25510"}],"wp:term":[{"taxonomy":"category","embeddable":true,"href":"https:\/\/elinformanteperu.com\/index.php\/wp-json\/wp\/v2\/categories?post=25510"},{"taxonomy":"post_tag","embeddable":true,"href":"https:\/\/elinformanteperu.com\/index.php\/wp-json\/wp\/v2\/tags?post=25510"}],"curies":[{"name":"wp","href":"https:\/\/api.w.org\/{rel}","templated":true}]}}