{"id":25486,"date":"2018-04-20T20:45:12","date_gmt":"2018-04-21T01:45:12","guid":{"rendered":"http:\/\/elinformanteperu.com\/?p=25486"},"modified":"2018-04-20T20:45:12","modified_gmt":"2018-04-21T01:45:12","slug":"famoso-dj-avicii-muere-a-los-28-anos","status":"publish","type":"post","link":"https:\/\/elinformanteperu.com\/index.php\/2018\/04\/20\/famoso-dj-avicii-muere-a-los-28-anos\/","title":{"rendered":"Famoso DJ Avicii muere a los 28 a\u00f1os"},"content":{"rendered":"<p><strong><span style=\"color: #000000;\">Avicii, uno de los DJ m\u00e1s exitosos del mundo que contribuy\u00f3 al \u00e9xito global de la m\u00fasica electr\u00f3nica, muri\u00f3 en Om\u00e1n a los 28 a\u00f1os, dijo su representante.<\/span><\/strong><\/p>\n<p><span style=\"color: #000000;\"><strong>Lima, 20 de Abril 2018, (ANDINA).<\/strong>&#8211; Avicii, uno de los DJ m\u00e1s exitosos del mundo que contribuy\u00f3 al \u00e9xito global de la m\u00fasica electr\u00f3nica, muri\u00f3 en Om\u00e1n a los 28 a\u00f1os, dijo su representante.<\/span><\/p>\n<p><span style=\"color: #000000;\">El DJ sueco, cuyo nombre real era Tim Bergling, visitaba la capital de Om\u00e1n, Mascate. Fue hallado muerto, dijo un comunicado sin precisar las causas de su fallecimiento.<\/span><\/p>\n<p><span style=\"color: #000000;\">\u00abCon profunda pena anunciamos la p\u00e9rdida de Tim Bergling, tambi\u00e9n conocido como Avicii\u00bb, se\u00f1al\u00f3 la declaraci\u00f3n del m\u00e1nager. \u00abFue encontrado muerto en Muscat, Om\u00e1n, este viernes por la tarde. La familia est\u00e1 devastada y les pedimos a todos que respeten su necesidad de privacidad en este momento dif\u00edcil. No se dar\u00e1n m\u00e1s declaraciones\u00bb.<\/span><\/p>\n<p><span style=\"color: #000000;\">Avicii fue uno de los primeros DJ que obtuvo gran popularidad mientras la m\u00fasica electr\u00f3nica pasaba en la \u00faltima d\u00e9cada de las discotecas al Top 40 de la radio.<\/span><\/p>\n<p><span style=\"color: #000000;\">Sus mayores hits incluyen \u00abLevels\u00bb, \u00abHey Brother\u00bb y \u00abWake Me Up\u00bb, n\u00famero uno en Europa en 2013, con el cantante de soul Aloe Blacc.<\/span><\/p>\n<p><span style=\"color: #000000;\">Su \u00faltimo recital fue el 28 de agosto de 2016 en Ibiza, Espa\u00f1a.<\/span><\/p>\n<p><iframe title=\"Avicii - Levels\" width=\"615\" height=\"346\" src=\"https:\/\/www.youtube.com\/embed\/_ovdm2yX4MA?feature=oembed\" frameborder=\"0\" allow=\"accelerometer; autoplay; clipboard-write; encrypted-media; gyroscope; picture-in-picture; web-share\" referrerpolicy=\"strict-origin-when-cross-origin\" allowfullscreen><\/iframe><\/p>\n","protected":false},"excerpt":{"rendered":"<p>Avicii, uno de los DJ m\u00e1s exitosos del mundo que contribuy\u00f3 al \u00e9xito global de la m\u00fasica electr\u00f3nica, muri\u00f3 en Om\u00e1n a los 28 a\u00f1os, dijo su representante. Lima, 20 de Abril 2018, (ANDINA).&#8211; Avicii, uno de los DJ m\u00e1s exitosos del mundo que contribuy\u00f3 al \u00e9xito global de la m\u00fasica electr\u00f3nica, muri\u00f3 en Om\u00e1n [&hellip;]<\/p>\n","protected":false},"author":1,"featured_media":25488,"comment_status":"open","ping_status":"open","sticky":false,"template":"","format":"standard","meta":{"rop_custom_images_group":[],"rop_custom_messages_group":[],"rop_publish_now":"initial","rop_publish_now_accounts":[],"rop_publish_now_history":[],"rop_publish_now_status":"pending","footnotes":""},"categories":[69],"tags":[3025],"class_list":["post-25486","post","type-post","status-publish","format-standard","has-post-thumbnail","hentry","category-musica","tag-avicii"],"_links":{"self":[{"href":"https:\/\/elinformanteperu.com\/index.php\/wp-json\/wp\/v2\/posts\/25486","targetHints":{"allow":["GET"]}}],"collection":[{"href":"https:\/\/elinformanteperu.com\/index.php\/wp-json\/wp\/v2\/posts"}],"about":[{"href":"https:\/\/elinformanteperu.com\/index.php\/wp-json\/wp\/v2\/types\/post"}],"author":[{"embeddable":true,"href":"https:\/\/elinformanteperu.com\/index.php\/wp-json\/wp\/v2\/users\/1"}],"replies":[{"embeddable":true,"href":"https:\/\/elinformanteperu.com\/index.php\/wp-json\/wp\/v2\/comments?post=25486"}],"version-history":[{"count":1,"href":"https:\/\/elinformanteperu.com\/index.php\/wp-json\/wp\/v2\/posts\/25486\/revisions"}],"predecessor-version":[{"id":25489,"href":"https:\/\/elinformanteperu.com\/index.php\/wp-json\/wp\/v2\/posts\/25486\/revisions\/25489"}],"wp:featuredmedia":[{"embeddable":true,"href":"https:\/\/elinformanteperu.com\/index.php\/wp-json\/wp\/v2\/media\/25488"}],"wp:attachment":[{"href":"https:\/\/elinformanteperu.com\/index.php\/wp-json\/wp\/v2\/media?parent=25486"}],"wp:term":[{"taxonomy":"category","embeddable":true,"href":"https:\/\/elinformanteperu.com\/index.php\/wp-json\/wp\/v2\/categories?post=25486"},{"taxonomy":"post_tag","embeddable":true,"href":"https:\/\/elinformanteperu.com\/index.php\/wp-json\/wp\/v2\/tags?post=25486"}],"curies":[{"name":"wp","href":"https:\/\/api.w.org\/{rel}","templated":true}]}}