{"id":25420,"date":"2018-04-19T23:23:50","date_gmt":"2018-04-20T04:23:50","guid":{"rendered":"http:\/\/elinformanteperu.com\/?p=25420"},"modified":"2018-04-19T23:23:50","modified_gmt":"2018-04-20T04:23:50","slug":"se-restablecio-por-completo-servicio-del-metro-de-lima","status":"publish","type":"post","link":"https:\/\/elinformanteperu.com\/index.php\/2018\/04\/19\/se-restablecio-por-completo-servicio-del-metro-de-lima\/","title":{"rendered":"Se restableci\u00f3 por completo servicio del Metro de Lima"},"content":{"rendered":"<p><strong><span style=\"color: #000000;\">A partir de las 17:30 horas se reanud\u00f3 el servicio del Metro en su totalidad, luego que el personal t\u00e9cnico trabajara ininterrumpidamente para solucionar el desperfecto el\u00e9ctrico.<\/span><\/strong><\/p>\n<p><span style=\"color: #000000;\"><strong>Lima, 19 de Abril 2018, (ANDINA).-<\/strong> A partir de las 17:30 horas se reanud\u00f3 el servicio del Metro en su totalidad, luego que el personal t\u00e9cnico trabajara ininterrumpidamente para solucionar el desperfecto el\u00e9ctrico que oblig\u00f3 ayer a suspender gran parte del recorrido.<\/span><\/p>\n<p><span style=\"color: #000000;\">Un comunicado de la concesionaria de la L\u00ednea 1 inform\u00f3 que ya se abrieron todas las estaciones y que el servicio se ir\u00e1 normalizando progresivamente conforme vayan llegando los trenes a estas.<\/span><\/p>\n<p><span style=\"color: #000000;\">La L\u00ednea ofreci\u00f3 sus disculpas al p\u00fablico usuario y lament\u00f3 las molestas causadas por esta situaci\u00f3n.<\/span><\/p>\n<p><span style=\"color: #000000;\">\u00abTodos los colaboradores de L\u00ednea 1, MTC, AATR y Ositran estamos comprometidos a seguir brindando un servicio de calidad, con el fin de mejorar la calidad de vida de nuestros clientes\u00bb. anota el documento.<\/span><\/p>\n<p><span style=\"color: #000000;\">La tarde de ayer una falla el\u00e9ctrica oblig\u00f3 a suspender el servicio del Metro de Lima entre las estaciones Los Cabitos (Surco) y Villa El Salvador.<\/span><\/p>\n<p><span style=\"color: #000000;\">Seg\u00fan la concesionaria, sus t\u00e9cnicos trabajaron toda la noche para lograr superar la falla y poner en operaci\u00f3n nuevamente todo el servicio.<\/span><\/p>\n<p><span style=\"color: #000000;\">Durante las horas en que el Metro de Lima no oper\u00f3, unidades del Ej\u00e9rcito del Per\u00fa y de la Polic\u00eda Nacional apoyaron en el traslado gratuito de la poblaci\u00f3n.<\/span><\/p>\n","protected":false},"excerpt":{"rendered":"<p>A partir de las 17:30 horas se reanud\u00f3 el servicio del Metro en su totalidad, luego que el personal t\u00e9cnico trabajara ininterrumpidamente para solucionar el desperfecto el\u00e9ctrico. Lima, 19 de Abril 2018, (ANDINA).- A partir de las 17:30 horas se reanud\u00f3 el servicio del Metro en su totalidad, luego que el personal t\u00e9cnico trabajara ininterrumpidamente [&hellip;]<\/p>\n","protected":false},"author":1,"featured_media":25422,"comment_status":"open","ping_status":"open","sticky":false,"template":"","format":"standard","meta":{"rop_custom_images_group":[],"rop_custom_messages_group":[],"rop_publish_now":"initial","rop_publish_now_accounts":[],"rop_publish_now_history":[],"rop_publish_now_status":"pending","footnotes":""},"categories":[10],"tags":[2587,317],"class_list":["post-25420","post","type-post","status-publish","format-standard","has-post-thumbnail","hentry","category-actualidad-municipal","tag-metro-de-lima","tag-mtc"],"_links":{"self":[{"href":"https:\/\/elinformanteperu.com\/index.php\/wp-json\/wp\/v2\/posts\/25420","targetHints":{"allow":["GET"]}}],"collection":[{"href":"https:\/\/elinformanteperu.com\/index.php\/wp-json\/wp\/v2\/posts"}],"about":[{"href":"https:\/\/elinformanteperu.com\/index.php\/wp-json\/wp\/v2\/types\/post"}],"author":[{"embeddable":true,"href":"https:\/\/elinformanteperu.com\/index.php\/wp-json\/wp\/v2\/users\/1"}],"replies":[{"embeddable":true,"href":"https:\/\/elinformanteperu.com\/index.php\/wp-json\/wp\/v2\/comments?post=25420"}],"version-history":[{"count":1,"href":"https:\/\/elinformanteperu.com\/index.php\/wp-json\/wp\/v2\/posts\/25420\/revisions"}],"predecessor-version":[{"id":25423,"href":"https:\/\/elinformanteperu.com\/index.php\/wp-json\/wp\/v2\/posts\/25420\/revisions\/25423"}],"wp:featuredmedia":[{"embeddable":true,"href":"https:\/\/elinformanteperu.com\/index.php\/wp-json\/wp\/v2\/media\/25422"}],"wp:attachment":[{"href":"https:\/\/elinformanteperu.com\/index.php\/wp-json\/wp\/v2\/media?parent=25420"}],"wp:term":[{"taxonomy":"category","embeddable":true,"href":"https:\/\/elinformanteperu.com\/index.php\/wp-json\/wp\/v2\/categories?post=25420"},{"taxonomy":"post_tag","embeddable":true,"href":"https:\/\/elinformanteperu.com\/index.php\/wp-json\/wp\/v2\/tags?post=25420"}],"curies":[{"name":"wp","href":"https:\/\/api.w.org\/{rel}","templated":true}]}}