{"id":25363,"date":"2018-04-19T00:22:55","date_gmt":"2018-04-19T05:22:55","guid":{"rendered":"http:\/\/elinformanteperu.com\/?p=25363"},"modified":"2018-04-19T00:22:55","modified_gmt":"2018-04-19T05:22:55","slug":"minedu-premio-a-escolares-que-ganaron-medallas-en-olimpiada-de-matematica","status":"publish","type":"post","link":"https:\/\/elinformanteperu.com\/index.php\/2018\/04\/19\/minedu-premio-a-escolares-que-ganaron-medallas-en-olimpiada-de-matematica\/","title":{"rendered":"Minedu premi\u00f3 a escolares que ganaron medallas en olimpiada de matem\u00e1tica"},"content":{"rendered":"<p><strong><span style=\"color: #000000;\">El ministro de Educaci\u00f3n calific\u00f3 como \u201cperuanas ejemplares\u201d a las ganadoras de una medalla de oro y una de plata en la Olimpiada Europea Femenina de Matem\u00e1ticas.<\/span><\/strong><\/p>\n<p><span style=\"color: #000000;\"><strong>Lima, 18 de Abril 2018, (ANDINA).-<\/strong> El ministro de Educaci\u00f3n, Daniel Alfaro, felicit\u00f3 y calific\u00f3 como \u201cperuanas ejemplares\u201d a las estudiantes M\u00f3nica Mart\u00ednez S\u00e1nchez (16), Gladys Alekza Salazar (15) y Carla Ferm\u00edn Jim\u00e9nez (13) por ganar una medalla de oro y una de plata en la primera participaci\u00f3n peruana en la Olimpiada Europea Femenina de Matem\u00e1ticas, en la que compitieron con representantes de 50 pa\u00edses.<\/span><\/p>\n<p><span style=\"color: #000000;\">\u201cComo ministro me siento orgulloso de su desempe\u00f1o y, en representaci\u00f3n del Ministerio de Educaci\u00f3n, las felicito por ser peruanas ejemplares\u201d, dijo Alfaro al recibir en su despacho a parte de la delegaci\u00f3n que nos represent\u00f3 en la competencia desarrollada en Florencia, Italia.<\/span><\/p>\n<p><span style=\"color: #000000;\">Gracias a su ingenio y creatividad en la soluci\u00f3n de complejos problemas, M\u00f3nica, estudiante de quinto de secundaria del colegio Saco Oliveros, fue la \u00fanica representante de Latinoam\u00e9rica que obtuvo una medalla de oro; mientras que Gladys, del colegio Prolog de Chorrillos, consigui\u00f3 una medalla de plata; y Carla, quien fue la participante m\u00e1s joven, recibi\u00f3 una menci\u00f3n honor\u00edfica.<\/span><\/p>\n<p><span style=\"color: #000000;\">\u201cLa pr\u00e1ctica de las matem\u00e1ticas y de los temas que han sido evaluados en esta competencia, como la creatividad, son mecanismos que siempre nos impulsan a seguir creciendo porque nosotros en el Per\u00fa tenemos que mejorar siempre\u201d, se\u00f1al\u00f3 el ministro.<\/span><\/p>\n<p><span style=\"color: #000000;\">Todas ellas, salvo Nixa S\u00e1nchez, quien regres\u00f3 a Chiclayo para continuar con sus estudios, recibieron, de manos del ministro, un diploma, una beca para estudiar rob\u00f3tica y otra para realizar una pasant\u00eda en matem\u00e1ticas en el Instituto Nacional de Investigaci\u00f3n y Capacitaci\u00f3n de Telecomunicaciones de la Universidad Nacional de Ingenier\u00eda.<\/span><\/p>\n<p><span style=\"color: #000000;\">Cabe se\u00f1alar que esta es la primera vez que una delegaci\u00f3n peruana participa en esta competencia que busca promover la matem\u00e1tica en estudiantes mujeres que a\u00fan no cursan estudios universitarios. El equipo nacional fue el m\u00e1s joven entre los participantes en la olimpiada.<\/span><\/p>\n","protected":false},"excerpt":{"rendered":"<p>El ministro de Educaci\u00f3n calific\u00f3 como \u201cperuanas ejemplares\u201d a las ganadoras de una medalla de oro y una de plata en la Olimpiada Europea Femenina de Matem\u00e1ticas. Lima, 18 de Abril 2018, (ANDINA).- El ministro de Educaci\u00f3n, Daniel Alfaro, felicit\u00f3 y calific\u00f3 como \u201cperuanas ejemplares\u201d a las estudiantes M\u00f3nica Mart\u00ednez S\u00e1nchez (16), Gladys Alekza Salazar [&hellip;]<\/p>\n","protected":false},"author":1,"featured_media":25365,"comment_status":"open","ping_status":"open","sticky":false,"template":"","format":"standard","meta":{"rop_custom_images_group":[],"rop_custom_messages_group":[],"rop_publish_now":"initial","rop_publish_now_accounts":[],"rop_publish_now_history":[],"rop_publish_now_status":"pending","footnotes":""},"categories":[10],"tags":[3020,1668],"class_list":["post-25363","post","type-post","status-publish","format-standard","has-post-thumbnail","hentry","category-actualidad-municipal","tag-daniel-alfaro","tag-minedu"],"_links":{"self":[{"href":"https:\/\/elinformanteperu.com\/index.php\/wp-json\/wp\/v2\/posts\/25363","targetHints":{"allow":["GET"]}}],"collection":[{"href":"https:\/\/elinformanteperu.com\/index.php\/wp-json\/wp\/v2\/posts"}],"about":[{"href":"https:\/\/elinformanteperu.com\/index.php\/wp-json\/wp\/v2\/types\/post"}],"author":[{"embeddable":true,"href":"https:\/\/elinformanteperu.com\/index.php\/wp-json\/wp\/v2\/users\/1"}],"replies":[{"embeddable":true,"href":"https:\/\/elinformanteperu.com\/index.php\/wp-json\/wp\/v2\/comments?post=25363"}],"version-history":[{"count":1,"href":"https:\/\/elinformanteperu.com\/index.php\/wp-json\/wp\/v2\/posts\/25363\/revisions"}],"predecessor-version":[{"id":25366,"href":"https:\/\/elinformanteperu.com\/index.php\/wp-json\/wp\/v2\/posts\/25363\/revisions\/25366"}],"wp:featuredmedia":[{"embeddable":true,"href":"https:\/\/elinformanteperu.com\/index.php\/wp-json\/wp\/v2\/media\/25365"}],"wp:attachment":[{"href":"https:\/\/elinformanteperu.com\/index.php\/wp-json\/wp\/v2\/media?parent=25363"}],"wp:term":[{"taxonomy":"category","embeddable":true,"href":"https:\/\/elinformanteperu.com\/index.php\/wp-json\/wp\/v2\/categories?post=25363"},{"taxonomy":"post_tag","embeddable":true,"href":"https:\/\/elinformanteperu.com\/index.php\/wp-json\/wp\/v2\/tags?post=25363"}],"curies":[{"name":"wp","href":"https:\/\/api.w.org\/{rel}","templated":true}]}}