{"id":25356,"date":"2018-04-19T00:18:14","date_gmt":"2018-04-19T05:18:14","guid":{"rendered":"http:\/\/elinformanteperu.com\/?p=25356"},"modified":"2018-04-19T00:18:14","modified_gmt":"2018-04-19T05:18:14","slug":"conoce-el-reloj-que-desde-hace-95-anos-marca-la-hora-en-el-parque-universitario","status":"publish","type":"post","link":"https:\/\/elinformanteperu.com\/index.php\/2018\/04\/19\/conoce-el-reloj-que-desde-hace-95-anos-marca-la-hora-en-el-parque-universitario\/","title":{"rendered":"Conoce el reloj que desde hace 95 a\u00f1os marca la hora en el Parque Universitario"},"content":{"rendered":"<p><strong><span style=\"color: #000000;\">La Municipalidad de Lima invita a los vecinos a conocer la historia del reloj que viene dando la hora en la torre del Parque Universitario hace casi 95 a\u00f1os.<\/span><\/strong><\/p>\n<p><span style=\"color: #000000;\"><strong>Lima, 18 de Abril 2018, (ANDINA).-<\/strong> En el marco de las celebraciones por el D\u00eda Internacional de los Monumentos y Sitios, la Municipalidad de Lima (MML) invita a los vecinos a conocer la historia del reloj que viene dando la hora en la torre del Parque Universitario hace casi 95 a\u00f1os.<\/span><\/p>\n<p><span style=\"color: #000000;\">La denominada Torre Alemana, donde est\u00e1 el reloj, fue un obsequio de la colonia alemana (1921) como parte de las celebraciones por el centenario de la independencia del Per\u00fa.<\/span><\/p>\n<p><img fetchpriority=\"high\" decoding=\"async\" class=\"aligncenter size-full wp-image-25360\" src=\"http:\/\/elinformanteperu.com\/wp-content\/uploads\/2018\/04\/parque-universitario-reloj2.jpg\" alt=\"\" width=\"500\" height=\"333\" srcset=\"https:\/\/elinformanteperu.com\/wp-content\/uploads\/2018\/04\/parque-universitario-reloj2.jpg 500w, https:\/\/elinformanteperu.com\/wp-content\/uploads\/2018\/04\/parque-universitario-reloj2-300x200.jpg 300w, https:\/\/elinformanteperu.com\/wp-content\/uploads\/2018\/04\/parque-universitario-reloj2-128x85.jpg 128w, https:\/\/elinformanteperu.com\/wp-content\/uploads\/2018\/04\/parque-universitario-reloj2-32x21.jpg 32w\" sizes=\"(max-width: 500px) 100vw, 500px\" \/><\/p>\n<p><span style=\"color: #000000;\">Asimismo, fue un regalo s\u00edmbolo de agradecimiento a la hospitalidad que nuestro pa\u00eds habr\u00eda brindado a los alemanes que arribaron a las costas peruanas por dicha fecha.<\/span><\/p>\n<p><span style=\"color: #000000;\">El relojero creador fue el arquitecto alem\u00e1n Friedrich Jordan Barkholtz, quien siempre mantuvo una fuerte conexi\u00f3n con nuestro pa\u00eds, dado que su hermano viv\u00eda en la ciudad de Chanchamayo, que por esa fecha fue la principal cuna de migraci\u00f3n germana en el Per\u00fa.<\/span><\/p>\n<p><span style=\"color: #000000;\">Seg\u00fan diarios de la \u00e9poca, la primera piedra fue colocada el 30 de julio del a\u00f1o citado. En dicha ceremonia asisti\u00f3 el embajador de Alemania, el alcalde de la ciudad y el arzobispo de Lima.<\/span><\/p>\n<p><strong><span style=\"color: #000000;\">Sobre la ubicaci\u00f3n<\/span><\/strong><\/p>\n<p><img decoding=\"async\" class=\"aligncenter size-full wp-image-25359\" src=\"http:\/\/elinformanteperu.com\/wp-content\/uploads\/2018\/04\/parque-universitario-reloj1.jpg\" alt=\"\" width=\"500\" height=\"333\" srcset=\"https:\/\/elinformanteperu.com\/wp-content\/uploads\/2018\/04\/parque-universitario-reloj1.jpg 500w, https:\/\/elinformanteperu.com\/wp-content\/uploads\/2018\/04\/parque-universitario-reloj1-300x200.jpg 300w, https:\/\/elinformanteperu.com\/wp-content\/uploads\/2018\/04\/parque-universitario-reloj1-128x85.jpg 128w, https:\/\/elinformanteperu.com\/wp-content\/uploads\/2018\/04\/parque-universitario-reloj1-32x21.jpg 32w\" sizes=\"(max-width: 500px) 100vw, 500px\" \/><\/p>\n<p><span style=\"color: #000000;\">En primera instancia la torre iba a estar ubicada en el parque de la Exposici\u00f3n, un lugar atractivo para las familias de ese tiempo quienes utilizaban los caminos de esta \u00e1rea verde para recrearse y departir.<\/span><\/p>\n<p><span style=\"color: #000000;\">Sin embargo, el valor cultural del parque Universitario fue una de las razones que prevaleci\u00f3 en la decisi\u00f3n final.<\/span><\/p>\n<p><span style=\"color: #000000;\">Fue as\u00ed que en 1922 se intensificaron los trabajos de construcci\u00f3n del hist\u00f3rico monumento. Su inauguraci\u00f3n oficial se dio el 10 de julio de 1923.<\/span><\/p>\n<p><span style=\"color: #000000;\">Hasta la fecha, su mantenimiento es constante pasando por las manos de expertos relojeros y arquitectos del Servicio de Parques de Lima (Serpar) de la MML.<\/span><\/p>\n<p><span style=\"color: #000000;\">En el 2015 el emblem\u00e1tico parque Universitario, ubicado en la esquina de las avenidas Nicol\u00e1s de Pi\u00e9rola y Abancay, reabri\u00f3 sus puertas, el cual incluy\u00f3 el pintado de bancas, cruces peatonales, rehabilitaci\u00f3n de los monumentos y la colocaci\u00f3n de luces decorativas en las fachadas de la Casona colonial de Universidad San Marcos y el Pante\u00f3n de los Pr\u00f3ceres, lugar donde descansan los restos de los h\u00e9roes de la Independencia del Per\u00fa.<\/span><\/p>\n<p><strong><span style=\"color: #000000;\">El dato<\/span><\/strong><\/p>\n<p><span style=\"color: #000000;\">Tanto a las ocho de la ma\u00f1ana, doce del mediod\u00eda, como tambi\u00e9n a las seis de la tarde y media noche, sus campanadas tocan el Himno Nacional del Per\u00fa.<\/span><\/p>\n<p><img decoding=\"async\" class=\"aligncenter size-full wp-image-25361\" src=\"http:\/\/elinformanteperu.com\/wp-content\/uploads\/2018\/04\/parque-universitario-reloj3.jpg\" alt=\"\" width=\"500\" height=\"333\" srcset=\"https:\/\/elinformanteperu.com\/wp-content\/uploads\/2018\/04\/parque-universitario-reloj3.jpg 500w, https:\/\/elinformanteperu.com\/wp-content\/uploads\/2018\/04\/parque-universitario-reloj3-300x200.jpg 300w, https:\/\/elinformanteperu.com\/wp-content\/uploads\/2018\/04\/parque-universitario-reloj3-128x85.jpg 128w, https:\/\/elinformanteperu.com\/wp-content\/uploads\/2018\/04\/parque-universitario-reloj3-32x21.jpg 32w\" sizes=\"(max-width: 500px) 100vw, 500px\" \/><\/p>\n","protected":false},"excerpt":{"rendered":"<p>La Municipalidad de Lima invita a los vecinos a conocer la historia del reloj que viene dando la hora en la torre del Parque Universitario hace casi 95 a\u00f1os. Lima, 18 de Abril 2018, (ANDINA).- En el marco de las celebraciones por el D\u00eda Internacional de los Monumentos y Sitios, la Municipalidad de Lima (MML) [&hellip;]<\/p>\n","protected":false},"author":1,"featured_media":25358,"comment_status":"open","ping_status":"open","sticky":false,"template":"","format":"standard","meta":{"rop_custom_images_group":[],"rop_custom_messages_group":[],"rop_publish_now":"initial","rop_publish_now_accounts":[],"rop_publish_now_history":[],"rop_publish_now_status":"pending","footnotes":""},"categories":[13],"tags":[122],"class_list":["post-25356","post","type-post","status-publish","format-standard","has-post-thumbnail","hentry","category-hemeroteca-virtual","tag-municipalidad-de-lima"],"_links":{"self":[{"href":"https:\/\/elinformanteperu.com\/index.php\/wp-json\/wp\/v2\/posts\/25356","targetHints":{"allow":["GET"]}}],"collection":[{"href":"https:\/\/elinformanteperu.com\/index.php\/wp-json\/wp\/v2\/posts"}],"about":[{"href":"https:\/\/elinformanteperu.com\/index.php\/wp-json\/wp\/v2\/types\/post"}],"author":[{"embeddable":true,"href":"https:\/\/elinformanteperu.com\/index.php\/wp-json\/wp\/v2\/users\/1"}],"replies":[{"embeddable":true,"href":"https:\/\/elinformanteperu.com\/index.php\/wp-json\/wp\/v2\/comments?post=25356"}],"version-history":[{"count":1,"href":"https:\/\/elinformanteperu.com\/index.php\/wp-json\/wp\/v2\/posts\/25356\/revisions"}],"predecessor-version":[{"id":25362,"href":"https:\/\/elinformanteperu.com\/index.php\/wp-json\/wp\/v2\/posts\/25356\/revisions\/25362"}],"wp:featuredmedia":[{"embeddable":true,"href":"https:\/\/elinformanteperu.com\/index.php\/wp-json\/wp\/v2\/media\/25358"}],"wp:attachment":[{"href":"https:\/\/elinformanteperu.com\/index.php\/wp-json\/wp\/v2\/media?parent=25356"}],"wp:term":[{"taxonomy":"category","embeddable":true,"href":"https:\/\/elinformanteperu.com\/index.php\/wp-json\/wp\/v2\/categories?post=25356"},{"taxonomy":"post_tag","embeddable":true,"href":"https:\/\/elinformanteperu.com\/index.php\/wp-json\/wp\/v2\/tags?post=25356"}],"curies":[{"name":"wp","href":"https:\/\/api.w.org\/{rel}","templated":true}]}}