{"id":25352,"date":"2018-04-19T00:08:35","date_gmt":"2018-04-19T05:08:35","guid":{"rendered":"http:\/\/elinformanteperu.com\/?p=25352"},"modified":"2018-04-19T00:08:35","modified_gmt":"2018-04-19T05:08:35","slug":"midis-21-regiones-y-585-municipios-luchan-contra-la-anemia-y-la-desnutricion","status":"publish","type":"post","link":"https:\/\/elinformanteperu.com\/index.php\/2018\/04\/19\/midis-21-regiones-y-585-municipios-luchan-contra-la-anemia-y-la-desnutricion\/","title":{"rendered":"Midis: 21 regiones y 585 municipios luchan contra la anemia y la desnutrici\u00f3n"},"content":{"rendered":"<p><strong><span style=\"color: #000000;\">La ministra de Desarrollo e Inclusi\u00f3n Social, Liliana La Rosa, inform\u00f3 que a la fecha hay 21 gobiernos regionales que cuentan con pactos de lucha contra la anemia y la desnutrici\u00f3n cr\u00f3nica infantil.<\/span><\/strong><\/p>\n<p><span style=\"color: #000000;\"><strong>Lima, 18 de Abril 2018, (ANDINA).-<\/strong> La ministra de Desarrollo e Inclusi\u00f3n Social (Midis), Liliana La Rosa, inform\u00f3 que a la fecha hay 21 gobiernos regionales que cuentan con pactos de lucha contra la anemia y la desnutrici\u00f3n cr\u00f3nica infantil, mientras que 585 gobiernos locales han suscrito compromisos para la reducci\u00f3n de estos problemas de salud.<\/span><\/p>\n<p><span style=\"color: #000000;\">En conferencia de prensa tras la sesi\u00f3n semanal del Consejo de Ministros, la titular del Midis destac\u00f3 tambi\u00e9n la activa participaci\u00f3n de la sociedad civil en la cruzada por la infancia y contra la anemia y la desnutrici\u00f3n cr\u00f3nica infantil.<\/span><\/p>\n<p><span style=\"color: #000000;\">\u201cToda esta movilizaci\u00f3n social activa estos documentos que son respaldados desde el Ejecutivo con la participaci\u00f3n de la sociedad civil. Adem\u00e1s, en el marco del Pacto por la Infancia, este trabajo cuenta con el respaldo de todas las bancadas del Congreso de la Rep\u00fablica. Estamos frente a una decisi\u00f3n pol\u00edtica sustantiva en la que todos los sectores est\u00e1n sumando y aportando desde su compromiso y m\u00edstica por el pa\u00eds. Lo que resulta no \u00e9tico es tolerar la anemia y la desnutrici\u00f3n infantil\u201d, manifest\u00f3.<\/span><\/p>\n<p><span style=\"color: #000000;\">La Rosa sostuvo que la anemia tiene un impacto sobre las posibilidades de desarrollo de nuestra infancia y las posibilidades de aprendizaje y el conjunto del desarrollo cerebral, f\u00edsico, biol\u00f3gico y psicol\u00f3gico.<\/span><\/p>\n<p><span style=\"color: #000000;\">\u201cEso significa que al luchar contra la anemia y la desnutrici\u00f3n lo que queremos es garantizar un Per\u00fa donde todos los ciudadanos puedan desarrollar al m\u00e1ximo sus capacidades. Hemos tenido hoy la Comisi\u00f3n Interministerial de Acci\u00f3n Social (CIAS) y todos los sectores han asumido responsabilidades. Hay prioridades estrat\u00e9gicas y geogr\u00e1ficas\u201d, anot\u00f3.<\/span><\/p>\n<p><strong><span style=\"color: #000000;\">Anemia en regiones<\/span><\/strong><\/p>\n<p><span style=\"color: #000000;\">La titular del Midis refiri\u00f3 que la anemia en la regi\u00f3n Puno afecta al 75.9 % de los ni\u00f1os menores de tres a\u00f1os de edad, mientras que en Loreto ocurre lo mismo con 61.5 %; y le siguen Ucayali (59.1%), Pasco (58 %), Madre de Dios (57 %), Cusco (55 %), Huancavelica y Apur\u00edmac (54 %), Jun\u00edn (53 %), Amazonas (51 %) y San Mart\u00edn (50.7 %).<\/span><\/p>\n<p><span style=\"color: #000000;\">Al respecto, sostuvo que esta incidencia de la anemia en estas regiones marca las responsabilidades para reducir la anemia por parte de un trabajo articulado entre el Ejecutivo, Legislativo, gobiernos regionales y locales, as\u00ed como la participaci\u00f3n de la sociedad civil.<\/span><\/p>\n<p><span style=\"color: #000000;\">\u201cTodos los sectores vamos a contribuir a reducir la anemia y la desnutrici\u00f3n cr\u00f3nica infantil. La anemia se distribuye en el conjunto del pa\u00eds y lo que hay son diferencias internas en caser\u00edos y distritos. Vamos a trabajar en el conjunto del pa\u00eds en una acci\u00f3n articulada con todos los sectores al nivel del CIAS\u201d, dijo.<\/span><\/p>\n<p><span style=\"color: #000000;\">Agreg\u00f3 que a esta cruzada se suma el Ministerio de Defensa que est\u00e1 trabajando a trav\u00e9s de las Plataformas Itinerantes de Acci\u00f3n Social (PIAS) fluviales, a\u00e9reas y se incluir\u00e1 pronto las PIAS terrestres con el Ej\u00e9rcito, a lo que se sumar\u00e1 la Sanidad de la Polic\u00eda Nacional.<\/span><\/p>\n<p><span style=\"color: #000000;\">Tambi\u00e9n se sumar\u00e1 el Ministerio del Ambiente por la importancia que tiene este sector en la lucha contra la anemia y la desnutrici\u00f3n cr\u00f3nica, dado que uno de los elementos b\u00e1sicos es el acceso al agua segura clorada.<\/span><\/p>\n<p><strong><span style=\"color: #000000;\">Consumo de suplemento de hierro<\/span><\/strong><\/p>\n<p><span style=\"color: #000000;\">La ministra La Rosa sostuvo tambi\u00e9n que una de las acciones que su portafolio priorizar\u00e1 en la cruzada contra la anemia es la supervisi\u00f3n del consumo directo observado de los suplementos de hierro en los ni\u00f1os, dado que hasta ahora solo se distribuye el micronutriente pero no se tiene la certeza de su consumo por parte de la poblaci\u00f3n infantil.<\/span><\/p>\n<p><span style=\"color: #000000;\">Enfatiz\u00f3 que est\u00e1 intervenci\u00f3n no solo se centrar\u00e1 en los ni\u00f1os sino tambi\u00e9n en los adolescentes, quienes al no recibir suplemento de hierro tienen serios problemas de salud en caso de embarazo temprano y el bebe nace con bajo peso, resulta con afectaciones y tambi\u00e9n la madre.<\/span><\/p>\n<p><span style=\"color: #000000;\">\u201cVamos a trabajar a dos niveles: para la anemia en la poblaci\u00f3n infantil de cero a 36 meses y para desnutrici\u00f3n cr\u00f3nica en los ni\u00f1os hasta cinco a\u00f1os, as\u00ed como para anemia en adolescentes reposicionando el tema en los escolares. Dentro de la salud escolar se va a priorizar el control de crecimiento y desarrollo de los adolescentes\u201d, anunci\u00f3.<\/span><\/p>\n<p><span style=\"color: #000000;\">Record\u00f3 que hab\u00eda disminuido la cobertura y esta intervenci\u00f3n del Midis se har\u00e1 en coordinaci\u00f3n con los portafolios de Salud y de Educaci\u00f3n.<\/span><\/p>\n<p><span style=\"color: #000000;\">En ese sentido, la ministra La Rosa hizo un llamado a los padres de familia para que autoricen y colaboren con el control de crecimiento y desarrollo escolar para saber si la talla y el peso de sus hijos son los adecuados para la edad que tienen y para realizar el respectivo tamizaje de anemia.<\/span><\/p>\n<p><span style=\"color: #000000;\">A\u00f1adi\u00f3 que el Ministerio de Educaci\u00f3n establecer\u00e1 sus metas en este tema en funci\u00f3n de la distribuci\u00f3n de los suplementos de hierro a trav\u00e9s de sus mecanismos log\u00edsticos que ya tienen implementados para la distribuci\u00f3n de textos escolares.<\/span><\/p>\n<p><span style=\"color: #000000;\">\u201cVamos a trabajar desde el Midis con el Minedu, el MIMP y el Minsa el seguimiento nominal de los ni\u00f1os con el seguimiento con nombre y apellido de los ni\u00f1os incluidos en los programas sociales y en particular en la lucha contra la anemia y la desnutrici\u00f3n. Vamos a trabajar lo mismo en el caso de los adolescentes y las gestantes\u201d, apostill\u00f3.<\/span><\/p>\n<p><span style=\"color: #000000;\">La titular del Midis adelant\u00f3 tambi\u00e9n que otra intervenci\u00f3n ser\u00e1 la atenci\u00f3n temprana a los ni\u00f1os menores de doce meses para el tamizaje y detecci\u00f3n oportuna en los programas sociales Cuna M\u00e1s, Qali Warma y los programas de crecimiento y desarrollo del Ministerio de Salud, y los programas sociales del Ministerio de la Mujer y Poblaciones Vulnerables.<\/span><\/p>\n<p><span style=\"color: #000000;\">Indic\u00f3 que a trav\u00e9s del programa Cuna M\u00e1s se asegurar\u00e1 la lactancia materna, dado que era un aspecto que no estaba suficientemente garantizado ni establecido en protocolos.<\/span><\/p>\n<p><span style=\"color: #000000;\">La titular del Midis anunci\u00f3 que la cobertura del programa Cuna M\u00e1s continuar\u00e1 ampli\u00e1ndose, para lo cual se viene gestionando al interior del Ejecutivo.<\/span><\/p>\n<p><span style=\"color: #000000;\">Respecto a la atenci\u00f3n con almuerzos a los estudiantes de secundaria comprendidos en la Jornada Escolar Completa, la ministra sostuvo que la cobertura se ampliar\u00e1 de 94,000 a 150,000 instituciones educativas p\u00fablicas.<\/span><\/p>\n<p><span style=\"color: #000000;\">La titular del Midis acompa\u00f1\u00f3 en la conferencia al presidente del Consejo de Ministros, C\u00e9sar Villanueva.<\/span><\/p>\n<p>https:\/\/www.facebook.com\/agenciandina\/videos\/2173611142665283\/<\/p>\n","protected":false},"excerpt":{"rendered":"<p>La ministra de Desarrollo e Inclusi\u00f3n Social, Liliana La Rosa, inform\u00f3 que a la fecha hay 21 gobiernos regionales que cuentan con pactos de lucha contra la anemia y la desnutrici\u00f3n cr\u00f3nica infantil. Lima, 18 de Abril 2018, (ANDINA).- La ministra de Desarrollo e Inclusi\u00f3n Social (Midis), Liliana La Rosa, inform\u00f3 que a la fecha [&hellip;]<\/p>\n","protected":false},"author":1,"featured_media":25354,"comment_status":"open","ping_status":"open","sticky":false,"template":"","format":"standard","meta":{"rop_custom_images_group":[],"rop_custom_messages_group":[],"rop_publish_now":"initial","rop_publish_now_accounts":[],"rop_publish_now_history":[],"rop_publish_now_status":"pending","footnotes":""},"categories":[10],"tags":[853,3019,153,189],"class_list":["post-25352","post","type-post","status-publish","format-standard","has-post-thumbnail","hentry","category-actualidad-municipal","tag-cesar-villanueva","tag-liliana-la-rosa","tag-midis","tag-pcm"],"_links":{"self":[{"href":"https:\/\/elinformanteperu.com\/index.php\/wp-json\/wp\/v2\/posts\/25352","targetHints":{"allow":["GET"]}}],"collection":[{"href":"https:\/\/elinformanteperu.com\/index.php\/wp-json\/wp\/v2\/posts"}],"about":[{"href":"https:\/\/elinformanteperu.com\/index.php\/wp-json\/wp\/v2\/types\/post"}],"author":[{"embeddable":true,"href":"https:\/\/elinformanteperu.com\/index.php\/wp-json\/wp\/v2\/users\/1"}],"replies":[{"embeddable":true,"href":"https:\/\/elinformanteperu.com\/index.php\/wp-json\/wp\/v2\/comments?post=25352"}],"version-history":[{"count":1,"href":"https:\/\/elinformanteperu.com\/index.php\/wp-json\/wp\/v2\/posts\/25352\/revisions"}],"predecessor-version":[{"id":25355,"href":"https:\/\/elinformanteperu.com\/index.php\/wp-json\/wp\/v2\/posts\/25352\/revisions\/25355"}],"wp:featuredmedia":[{"embeddable":true,"href":"https:\/\/elinformanteperu.com\/index.php\/wp-json\/wp\/v2\/media\/25354"}],"wp:attachment":[{"href":"https:\/\/elinformanteperu.com\/index.php\/wp-json\/wp\/v2\/media?parent=25352"}],"wp:term":[{"taxonomy":"category","embeddable":true,"href":"https:\/\/elinformanteperu.com\/index.php\/wp-json\/wp\/v2\/categories?post=25352"},{"taxonomy":"post_tag","embeddable":true,"href":"https:\/\/elinformanteperu.com\/index.php\/wp-json\/wp\/v2\/tags?post=25352"}],"curies":[{"name":"wp","href":"https:\/\/api.w.org\/{rel}","templated":true}]}}