{"id":25348,"date":"2018-04-19T00:05:03","date_gmt":"2018-04-19T05:05:03","guid":{"rendered":"http:\/\/elinformanteperu.com\/?p=25348"},"modified":"2018-04-19T00:05:03","modified_gmt":"2018-04-19T05:05:03","slug":"intensifican-vacunacion-contra-fiebre-amarilla-neumococo-e-influenza","status":"publish","type":"post","link":"https:\/\/elinformanteperu.com\/index.php\/2018\/04\/19\/intensifican-vacunacion-contra-fiebre-amarilla-neumococo-e-influenza\/","title":{"rendered":"Intensifican vacunaci\u00f3n contra fiebre amarilla, neumococo e influenza"},"content":{"rendered":"<p><strong><span style=\"color: #000000;\">El Ministerio de Salud dispuso intensificar la vacunaci\u00f3n contra el sarampi\u00f3n, rubeola, fiebre amarilla, neumoco, influenza y otras enfermedades infectocontagiosas.<\/span><\/strong><\/p>\n<p><span style=\"color: #000000;\"><strong>Lima, 18 de Abril 2018, (ANDINA).-<\/strong> El Ministerio de Salud (Minsa) dispuso intensificar la vacunaci\u00f3n contra el sarampi\u00f3n, rubeola, fiebre amarilla, neumoco, influenza y otras enfermedades infectocontagiosas a fin de completar el Esquema Nacional de Vacunaci\u00f3n en el pa\u00eds, se inform\u00f3.<\/span><\/p>\n<p><span style=\"color: #000000;\">A trav\u00e9s de la Resoluci\u00f3n Ministerial N\u00b0312-2018 publicada en el diario El Peruano se determina el reforzamiento de las acciones de vacunaci\u00f3n en todos los establecimientos de salud, incluidos los domingos, a fin garantizar el acceso de la poblaci\u00f3n para completar las dosis pendientes de vacunaci\u00f3n.<\/span><\/p>\n<p><span style=\"color: #000000;\">La norma firmada por la titular del Minsa, Silvia Pessah Eljay, dispone adem\u00e1s, el cumplimiento de las actividades de vacunaci\u00f3n de acuerdo a la realidad de cada regi\u00f3n sanitaria y\/o redes integradas de salud en todos los distritos del pa\u00eds, con prioridad en aquellos lugares cuyas coberturas de vacunaci\u00f3n se encuentran por debajo del 80%.<\/span><\/p>\n<p><span style=\"color: #000000;\">En esa l\u00ednea, dicha norma legal establece realizar desde 22 de abril al 30 octubre de 2018 la vacunaci\u00f3n contra el sarampi\u00f3n, paperas y rubeola (SPR) en menores de 5 a\u00f1os y contra el sarampi\u00f3n y rubeola (SR) en mayores de 5 a\u00f1os que no hayan sido vacunados, a fin de asegurar la disminuci\u00f3n de las personas susceptibles a estas enfermedades y el riesgo de importaci\u00f3n, reintroducci\u00f3n y circulaci\u00f3n del virus del sarampi\u00f3n en el marco del \u201cPlan de Sostenibilidad de la Eliminaci\u00f3n de Sarampi\u00f3n, Rubeola y S\u00edndrome de Rubeola Cong\u00e9nita\u201d vigente.<\/span><\/p>\n<p><span style=\"color: #000000;\">Asimismo, se dispone efectuar en ese mismo periodo la vacunaci\u00f3n contra la fiebre amarilla en menores de 5 a\u00f1os que residan en las \u00e1reas no end\u00e9micas, as\u00ed como en los hospitales que demanden la vacunaci\u00f3n, mientras que en las zonas end\u00e9micas y distritos expulsores (donde presentan mayor riesgo de contraer esta enfermedad) se inmunizar\u00e1 a las personas entre los 15 meses a 59 a\u00f1os de edad.<\/span><\/p>\n<p><span style=\"color: #000000;\">Tambi\u00e9n se dispone el cumplimiento de la vacunaci\u00f3n contra el neumococo e influenza, priorizando a los 739 distritos de riesgo ante las heladas y friaje en el pa\u00eds desde el 22 de abril al 30 de agosto de 2018.<\/span><\/p>\n<p><span style=\"color: #000000;\">El dispositivo legal que oficializa las actividades por la Semana de Vacunaci\u00f3n en las Am\u00e9ricas del 22 al 30 de abril dispone, adem\u00e1s, que la Direcci\u00f3n General de Intervenciones Estrat\u00e9gicas en Salud P\u00fablica (Digiesp) socialice, monitoree, y supervise el cumplimiento de los lineamientos t\u00e9cnicos de las acciones de vacunaci\u00f3n.<\/span><\/p>\n<p><span style=\"color: #000000;\">Por \u00faltimo, indica que las Direcciones de Redes Integradas de Salud (Diris), las Direcciones Regionales de Salud (Diresas), las Gerencias Regionales de Salud (Geresas) o quien haga las veces en el nivel regional, deber\u00e1n presentar el primer informe del avance de la vacunaci\u00f3n en sus respectivas jurisdicciones el 15 de julio y el segundo informe el 15 de noviembre de 2018 a la Direcci\u00f3n General de Intervenciones Estrat\u00e9gicas en Salud P\u00fablica, quien a su vez elevar\u00e1 el informe final al Despacho Viceministerial de Salud P\u00fablica.<\/span><\/p>\n","protected":false},"excerpt":{"rendered":"<p>El Ministerio de Salud dispuso intensificar la vacunaci\u00f3n contra el sarampi\u00f3n, rubeola, fiebre amarilla, neumoco, influenza y otras enfermedades infectocontagiosas. Lima, 18 de Abril 2018, (ANDINA).- El Ministerio de Salud (Minsa) dispuso intensificar la vacunaci\u00f3n contra el sarampi\u00f3n, rubeola, fiebre amarilla, neumoco, influenza y otras enfermedades infectocontagiosas a fin de completar el Esquema Nacional de [&hellip;]<\/p>\n","protected":false},"author":1,"featured_media":25350,"comment_status":"open","ping_status":"open","sticky":false,"template":"","format":"standard","meta":{"rop_custom_images_group":[],"rop_custom_messages_group":[],"rop_publish_now":"initial","rop_publish_now_accounts":[],"rop_publish_now_history":[],"rop_publish_now_status":"pending","footnotes":""},"categories":[10],"tags":[451,388,431],"class_list":["post-25348","post","type-post","status-publish","format-standard","has-post-thumbnail","hentry","category-actualidad-municipal","tag-essalud","tag-ministerio-de-salud","tag-minsa"],"_links":{"self":[{"href":"https:\/\/elinformanteperu.com\/index.php\/wp-json\/wp\/v2\/posts\/25348","targetHints":{"allow":["GET"]}}],"collection":[{"href":"https:\/\/elinformanteperu.com\/index.php\/wp-json\/wp\/v2\/posts"}],"about":[{"href":"https:\/\/elinformanteperu.com\/index.php\/wp-json\/wp\/v2\/types\/post"}],"author":[{"embeddable":true,"href":"https:\/\/elinformanteperu.com\/index.php\/wp-json\/wp\/v2\/users\/1"}],"replies":[{"embeddable":true,"href":"https:\/\/elinformanteperu.com\/index.php\/wp-json\/wp\/v2\/comments?post=25348"}],"version-history":[{"count":1,"href":"https:\/\/elinformanteperu.com\/index.php\/wp-json\/wp\/v2\/posts\/25348\/revisions"}],"predecessor-version":[{"id":25351,"href":"https:\/\/elinformanteperu.com\/index.php\/wp-json\/wp\/v2\/posts\/25348\/revisions\/25351"}],"wp:featuredmedia":[{"embeddable":true,"href":"https:\/\/elinformanteperu.com\/index.php\/wp-json\/wp\/v2\/media\/25350"}],"wp:attachment":[{"href":"https:\/\/elinformanteperu.com\/index.php\/wp-json\/wp\/v2\/media?parent=25348"}],"wp:term":[{"taxonomy":"category","embeddable":true,"href":"https:\/\/elinformanteperu.com\/index.php\/wp-json\/wp\/v2\/categories?post=25348"},{"taxonomy":"post_tag","embeddable":true,"href":"https:\/\/elinformanteperu.com\/index.php\/wp-json\/wp\/v2\/tags?post=25348"}],"curies":[{"name":"wp","href":"https:\/\/api.w.org\/{rel}","templated":true}]}}