{"id":25229,"date":"2018-04-17T20:36:18","date_gmt":"2018-04-18T01:36:18","guid":{"rendered":"http:\/\/elinformanteperu.com\/?p=25229"},"modified":"2018-04-17T20:36:18","modified_gmt":"2018-04-18T01:36:18","slug":"seleccion-peruana-fpf-presentara-la-tercera-camiseta-para-el-mundial","status":"publish","type":"post","link":"https:\/\/elinformanteperu.com\/index.php\/2018\/04\/17\/seleccion-peruana-fpf-presentara-la-tercera-camiseta-para-el-mundial\/","title":{"rendered":"Selecci\u00f3n peruana: FPF presentar\u00e1 la tercera camiseta para el Mundial"},"content":{"rendered":"<p><strong><span style=\"color: #000000;\">La Federaci\u00f3n Peruana de F\u00fatbol (FPF) anunci\u00f3 que el mi\u00e9rcoles 18 de abril presentar\u00e1 la tercera camiseta de la escuadra Blanquirroja, con la que jugar\u00e1 en Rusia 2018.<\/span><\/strong><\/p>\n<p><span style=\"color: #000000;\"><strong>Lima, 17 de Abril 2018, (ANDINA).-<\/strong> Ante la fiebre por el Mundial y la selecci\u00f3n peruana, la Federaci\u00f3n Peruana de F\u00fatbol \/FPF) anunci\u00f3 que el mi\u00e9rcoles 18 de abril presentar\u00e1 la tercera camiseta de la escuadra Blanquirroja, con la que jugar\u00e1 en Rusia 2018.<\/span><\/p>\n<p><span style=\"color: #000000;\">La FPF denomin\u00f3 est\u00e1 tercera camiseta \u00abEl rojo de todos\u00bb y ha sido dise\u00f1ada por la empresa Umbro, que culmina su contrato con la entidad deportiva una vez finalizado el Mundial de Rusia 2018, para dar pase a la marca ecuatoriana Marathon Sports.<\/span><\/p>\n<p><span style=\"color: #000000;\">La tercera nueva indumentaria de la selecci\u00f3n peruana se va a dar a conocer en una conferencia de prensa pactada para las 12:00 horas en el auditorio de la Villa Deportiva Nacional.<\/span><\/p>\n<p><span style=\"color: #000000;\">La ceremonia la encabezar\u00e1 el presidente de la FPF, Edwin Oviedo. Tambi\u00e9n estar\u00e1n presentes algunos de los jugadores que consiguieron la clasificaci\u00f3n a una Copa del Mundo tras 36 a\u00f1os de ausencia.<\/span><\/p>\n<p><span style=\"color: #000000;\">Hasta el momento, el m\u00e1ximo organismo del f\u00fatbol present\u00f3 dos modelos que usar\u00e1 la escuadra nacional es su reestreno en una Copa del Mundo.<\/span><\/p>\n<p><span style=\"color: #000000;\">La primera es la tradicional camiseta blanca con la franja roja que cruza el pecho. El borde de los hombros, as\u00ed como de la franja tienen una fina l\u00ednea dorada.<\/span><\/p>\n<p><span style=\"color: #000000;\">La segunda camiseta o la alterna es totalmente roja con una franja blanca que cruza el pecho. Al igual que la primera, lleva los bordes dorados en la franja.<\/span><\/p>\n<p><span style=\"color: #000000;\">Per\u00fa debutar\u00e1 en el torneo de selecciones enfrentando a Dinamarca el pr\u00f3ximo 16 de junio. Ambos integran el grupo C junto a Francia y Australia.<\/span><\/p>\n<p><img fetchpriority=\"high\" decoding=\"async\" class=\"aligncenter size-full wp-image-18200\" src=\"http:\/\/elinformanteperu.com\/wp-content\/uploads\/2017\/11\/seleccion-polos-ventas.jpg\" alt=\"\" width=\"1800\" height=\"1212\" srcset=\"https:\/\/elinformanteperu.com\/wp-content\/uploads\/2017\/11\/seleccion-polos-ventas.jpg 1800w, https:\/\/elinformanteperu.com\/wp-content\/uploads\/2017\/11\/seleccion-polos-ventas-300x202.jpg 300w, https:\/\/elinformanteperu.com\/wp-content\/uploads\/2017\/11\/seleccion-polos-ventas-768x517.jpg 768w, https:\/\/elinformanteperu.com\/wp-content\/uploads\/2017\/11\/seleccion-polos-ventas-1024x689.jpg 1024w, https:\/\/elinformanteperu.com\/wp-content\/uploads\/2017\/11\/seleccion-polos-ventas-128x86.jpg 128w, https:\/\/elinformanteperu.com\/wp-content\/uploads\/2017\/11\/seleccion-polos-ventas-32x22.jpg 32w\" sizes=\"(max-width: 1800px) 100vw, 1800px\" \/><\/p>\n","protected":false},"excerpt":{"rendered":"<p>La Federaci\u00f3n Peruana de F\u00fatbol (FPF) anunci\u00f3 que el mi\u00e9rcoles 18 de abril presentar\u00e1 la tercera camiseta de la escuadra Blanquirroja, con la que jugar\u00e1 en Rusia 2018. Lima, 17 de Abril 2018, (ANDINA).- Ante la fiebre por el Mundial y la selecci\u00f3n peruana, la Federaci\u00f3n Peruana de F\u00fatbol \/FPF) anunci\u00f3 que el mi\u00e9rcoles 18 [&hellip;]<\/p>\n","protected":false},"author":1,"featured_media":20428,"comment_status":"open","ping_status":"open","sticky":false,"template":"","format":"standard","meta":{"rop_custom_images_group":[],"rop_custom_messages_group":[],"rop_publish_now":"initial","rop_publish_now_accounts":[],"rop_publish_now_history":[],"rop_publish_now_status":"pending","footnotes":""},"categories":[8],"tags":[204,205,137],"class_list":["post-25229","post","type-post","status-publish","format-standard","has-post-thumbnail","hentry","category-disciplinas-deportivas","tag-federacion-peruana-de-futbol","tag-fpf","tag-seleccion-peruana"],"_links":{"self":[{"href":"https:\/\/elinformanteperu.com\/index.php\/wp-json\/wp\/v2\/posts\/25229","targetHints":{"allow":["GET"]}}],"collection":[{"href":"https:\/\/elinformanteperu.com\/index.php\/wp-json\/wp\/v2\/posts"}],"about":[{"href":"https:\/\/elinformanteperu.com\/index.php\/wp-json\/wp\/v2\/types\/post"}],"author":[{"embeddable":true,"href":"https:\/\/elinformanteperu.com\/index.php\/wp-json\/wp\/v2\/users\/1"}],"replies":[{"embeddable":true,"href":"https:\/\/elinformanteperu.com\/index.php\/wp-json\/wp\/v2\/comments?post=25229"}],"version-history":[{"count":1,"href":"https:\/\/elinformanteperu.com\/index.php\/wp-json\/wp\/v2\/posts\/25229\/revisions"}],"predecessor-version":[{"id":25231,"href":"https:\/\/elinformanteperu.com\/index.php\/wp-json\/wp\/v2\/posts\/25229\/revisions\/25231"}],"wp:featuredmedia":[{"embeddable":true,"href":"https:\/\/elinformanteperu.com\/index.php\/wp-json\/wp\/v2\/media\/20428"}],"wp:attachment":[{"href":"https:\/\/elinformanteperu.com\/index.php\/wp-json\/wp\/v2\/media?parent=25229"}],"wp:term":[{"taxonomy":"category","embeddable":true,"href":"https:\/\/elinformanteperu.com\/index.php\/wp-json\/wp\/v2\/categories?post=25229"},{"taxonomy":"post_tag","embeddable":true,"href":"https:\/\/elinformanteperu.com\/index.php\/wp-json\/wp\/v2\/tags?post=25229"}],"curies":[{"name":"wp","href":"https:\/\/api.w.org\/{rel}","templated":true}]}}