{"id":25219,"date":"2018-04-17T00:24:31","date_gmt":"2018-04-17T05:24:31","guid":{"rendered":"http:\/\/elinformanteperu.com\/?p=25219"},"modified":"2018-04-17T00:24:31","modified_gmt":"2018-04-17T05:24:31","slug":"gabinete-villanueva-se-presentara-ante-el-congreso-el-2-de-mayo","status":"publish","type":"post","link":"https:\/\/elinformanteperu.com\/index.php\/2018\/04\/17\/gabinete-villanueva-se-presentara-ante-el-congreso-el-2-de-mayo\/","title":{"rendered":"Gabinete Villanueva se presentar\u00e1 ante el Congreso el 2 de mayo"},"content":{"rendered":"<p><strong><span style=\"color: #000000;\">El Gabinete de Ministros acudir\u00e1 al Pleno del Congreso el pr\u00f3ximo 2 de mayo para exponer la pol\u00edtica general del gobierno y solicitar el voto de confianza.<\/span><\/strong><\/p>\n<p><span style=\"color: #000000;\"><strong>Lima, 16 de Abril 2018, (ANDINA).-<\/strong> El Gabinete de Ministros acudir\u00e1 al Pleno del Congreso el pr\u00f3ximo 2 de mayo para exponer la pol\u00edtica general del gobierno y solicitar el voto de confianza, inform\u00f3 el titular del Parlamento,Luis Galarreta.<\/span><\/p>\n<p><span style=\"color: #000000;\">\u201cLa fecha de la presentaci\u00f3n del Gabinete Ministerial es el 2 de mayo, ah\u00ed se presentar\u00e1 el presidente del Consejo de Ministros, as\u00ed como todos los ministros\u201d, manifest\u00f3.<\/span><\/p>\n<p><span style=\"color: #000000;\">Seg\u00fan Galarreta, en poco m\u00e1s de tres a\u00f1os que le restan de gesti\u00f3n, el gobierno del presidente Mart\u00edn Vizcarra debe dar medidas concretas, como el impulso a la reconstrucci\u00f3n de las zonas afectadas por El Ni\u00f1o costero.<\/span><\/p>\n<p><span style=\"color: #000000;\">Otros temas que debe abordar el Poder Ejecutivo es el econ\u00f3mico y la inseguridad ciudadana, consider\u00f3.<\/span><\/p>\n<p><span style=\"color: #000000;\">\u201cCreo que tienen que ser tres o cuatro temas concretos para armar una agenda legislativa, en base a esos temas, la lucha contra la corrupci\u00f3n tambi\u00e9n es importante\u201d, sostuvo.<\/span><\/p>\n<p><span style=\"color: #000000;\">En otro momento, dijo que desconoce si el congresista Kenji Fujimori respondi\u00f3 a su carta notarial a trav\u00e9s de la cual le exige retractarse de su versi\u00f3n seg\u00fan la cual la empresa Odebrecht financi\u00f3 su campa\u00f1a electoral.<\/span><\/p>\n<p><span style=\"color: #000000;\">\u201cHay que tomar en cuenta los feriados, voy a averiguar, ahora no s\u00e9 si se trata de una denuncia penal o civil, pero si no respondi\u00f3 a esta carta notarial evaluar\u00e9 cu\u00e1l es el siguiente paso, pero esperar\u00e9 entre hoy y ma\u00f1ana\u201d, coment\u00f3.<\/span><\/p>\n<p><span style=\"color: #000000;\">Sobre la entrega a la Fiscal\u00eda de la Naci\u00f3n de las grabaciones realizadas por el congresista Mois\u00e9s Mamani, en las cuales se observa la supuesta compra de votos para evitar la vacancia de Pedro Pablo Kuczynski, dijo que no puede dar fe de \u201csi lo entregado eran los originales o no\u201d.<\/span><\/p>\n<p><span style=\"color: #000000;\">Galarreta ofreci\u00f3 estas declaraciones tras participar en la ceremonia de homenaje a los comandos que participaron en la operaci\u00f3n Chav\u00edn de Hu\u00e1ntar.<\/span><\/p>\n","protected":false},"excerpt":{"rendered":"<p>El Gabinete de Ministros acudir\u00e1 al Pleno del Congreso el pr\u00f3ximo 2 de mayo para exponer la pol\u00edtica general del gobierno y solicitar el voto de confianza. Lima, 16 de Abril 2018, (ANDINA).- El Gabinete de Ministros acudir\u00e1 al Pleno del Congreso el pr\u00f3ximo 2 de mayo para exponer la pol\u00edtica general del gobierno y [&hellip;]<\/p>\n","protected":false},"author":1,"featured_media":24495,"comment_status":"open","ping_status":"open","sticky":false,"template":"","format":"standard","meta":{"rop_custom_images_group":[],"rop_custom_messages_group":[],"rop_publish_now":"initial","rop_publish_now_accounts":[],"rop_publish_now_history":[],"rop_publish_now_status":"pending","footnotes":""},"categories":[5],"tags":[853,192,1421],"class_list":["post-25219","post","type-post","status-publish","format-standard","has-post-thumbnail","hentry","category-actualidad-informativa","tag-cesar-villanueva","tag-congreso","tag-poder-ejecutivo"],"_links":{"self":[{"href":"https:\/\/elinformanteperu.com\/index.php\/wp-json\/wp\/v2\/posts\/25219","targetHints":{"allow":["GET"]}}],"collection":[{"href":"https:\/\/elinformanteperu.com\/index.php\/wp-json\/wp\/v2\/posts"}],"about":[{"href":"https:\/\/elinformanteperu.com\/index.php\/wp-json\/wp\/v2\/types\/post"}],"author":[{"embeddable":true,"href":"https:\/\/elinformanteperu.com\/index.php\/wp-json\/wp\/v2\/users\/1"}],"replies":[{"embeddable":true,"href":"https:\/\/elinformanteperu.com\/index.php\/wp-json\/wp\/v2\/comments?post=25219"}],"version-history":[{"count":1,"href":"https:\/\/elinformanteperu.com\/index.php\/wp-json\/wp\/v2\/posts\/25219\/revisions"}],"predecessor-version":[{"id":25221,"href":"https:\/\/elinformanteperu.com\/index.php\/wp-json\/wp\/v2\/posts\/25219\/revisions\/25221"}],"wp:featuredmedia":[{"embeddable":true,"href":"https:\/\/elinformanteperu.com\/index.php\/wp-json\/wp\/v2\/media\/24495"}],"wp:attachment":[{"href":"https:\/\/elinformanteperu.com\/index.php\/wp-json\/wp\/v2\/media?parent=25219"}],"wp:term":[{"taxonomy":"category","embeddable":true,"href":"https:\/\/elinformanteperu.com\/index.php\/wp-json\/wp\/v2\/categories?post=25219"},{"taxonomy":"post_tag","embeddable":true,"href":"https:\/\/elinformanteperu.com\/index.php\/wp-json\/wp\/v2\/tags?post=25219"}],"curies":[{"name":"wp","href":"https:\/\/api.w.org\/{rel}","templated":true}]}}