{"id":25180,"date":"2018-04-16T23:40:49","date_gmt":"2018-04-17T04:40:49","guid":{"rendered":"http:\/\/elinformanteperu.com\/?p=25180"},"modified":"2018-04-16T23:40:49","modified_gmt":"2018-04-17T04:40:49","slug":"mundial-rusia-2018-pele-asegura-que-neymar-llegara-en-buena-forma","status":"publish","type":"post","link":"https:\/\/elinformanteperu.com\/index.php\/2018\/04\/16\/mundial-rusia-2018-pele-asegura-que-neymar-llegara-en-buena-forma\/","title":{"rendered":"Mundial Rusia 2018: Pel\u00e9 asegura que Neymar llegar\u00e1 en buena forma"},"content":{"rendered":"<p><strong><span style=\"color: #000000;\">\u00abPienso que estar\u00e1 en forma para la Copa del Mundo porque su lesi\u00f3n no es tan grave\u00bb, explic\u00f3 la leyenda brasile\u00f1a del f\u00fatbol Pel\u00e9 sobre su compatriota Neymar.<\/span><\/strong><\/p>\n<p><span style=\"color: #000000;\"><strong>Dub\u00e1i, 16 de Abril 2018, (ANDINA).-<\/strong> \u00abPienso que estar\u00e1 en forma para la Copa del Mundo porque su lesi\u00f3n no es tan grave\u00bb, explic\u00f3 en una entrevista a la AFP en Dub\u00e1i la leyenda brasile\u00f1a del f\u00fatbol Pel\u00e9 sobre su compatriota Neymar, de baja tras una operaci\u00f3n en el pie derecho.<\/span><\/p>\n<p><span style=\"color: #000000;\">\u00abEs un jugador muy importante para Brasil, sin duda\u00bb, a\u00f1adi\u00f3 Pel\u00e9, de 77 a\u00f1os y que camina ayudado por un andador, de visita en Dub\u00e1i para asistir a un partido amistoso.<\/span><\/p>\n<p><span style=\"color: #000000;\">Neymar se recupera en Brasil de la lesi\u00f3n que lo sac\u00f3 de los campos de juego el 25 de febrero pasado durante un choque del PSG contra el Marsella por la liga francesa.<\/span><\/p>\n<p><span style=\"color: #000000;\">Fue operado el 3 de marzo del quinto metatarsiano del pie derecho por el m\u00e9dico de la Selecao, Rodrigo Lasmar, quien estim\u00f3 entonces que estar\u00eda de baja entre \u00abdos meses y medio y tres meses\u00bb.<\/span><\/p>\n<p><span style=\"color: #000000;\">\u00abClaro que quiero que Brasil sea campe\u00f3n del mundo, pero el f\u00fatbol es una caja de sorpresas. Tengo confianza, tenemos muchos jugadores excelentes que juegan en Europa\u00bb, a\u00f1adi\u00f3 Pel\u00e9 sobre el torneo que se disputar\u00e1 en Rusia entre el 14 de junio y el 15 de julio.<\/span><\/p>\n<p><span style=\"color: #000000;\">\u00abPienso que tenemos un buen equipo para la Copa del Mundo, el problema es hacer a los futbolistas jugar juntos\u00bb, a\u00f1adi\u00f3 &#8216;O Rei&#8217;.<\/span><\/p>\n<p><span style=\"color: #000000;\">Brasil, anfitri\u00f3n del pasado Mundial en 2014, perdi\u00f3 7-1 en semifinales ante Alemania, que luego logr\u00f3 el t\u00edtulo contra Argentina (1-0).<\/span><\/p>\n<p><img fetchpriority=\"high\" decoding=\"async\" class=\"aligncenter size-full wp-image-21292\" src=\"http:\/\/elinformanteperu.com\/wp-content\/uploads\/2018\/01\/pele1.jpg\" alt=\"\" width=\"480\" height=\"270\" srcset=\"https:\/\/elinformanteperu.com\/wp-content\/uploads\/2018\/01\/pele1.jpg 480w, https:\/\/elinformanteperu.com\/wp-content\/uploads\/2018\/01\/pele1-300x169.jpg 300w, https:\/\/elinformanteperu.com\/wp-content\/uploads\/2018\/01\/pele1-128x72.jpg 128w, https:\/\/elinformanteperu.com\/wp-content\/uploads\/2018\/01\/pele1-32x18.jpg 32w\" sizes=\"(max-width: 480px) 100vw, 480px\" \/><\/p>\n","protected":false},"excerpt":{"rendered":"<p>\u00abPienso que estar\u00e1 en forma para la Copa del Mundo porque su lesi\u00f3n no es tan grave\u00bb, explic\u00f3 la leyenda brasile\u00f1a del f\u00fatbol Pel\u00e9 sobre su compatriota Neymar. Dub\u00e1i, 16 de Abril 2018, (ANDINA).- \u00abPienso que estar\u00e1 en forma para la Copa del Mundo porque su lesi\u00f3n no es tan grave\u00bb, explic\u00f3 en una entrevista [&hellip;]<\/p>\n","protected":false},"author":1,"featured_media":25182,"comment_status":"open","ping_status":"open","sticky":false,"template":"","format":"standard","meta":{"rop_custom_images_group":[],"rop_custom_messages_group":[],"rop_publish_now":"initial","rop_publish_now_accounts":[],"rop_publish_now_history":[],"rop_publish_now_status":"pending","footnotes":""},"categories":[8],"tags":[2330,88,386],"class_list":["post-25180","post","type-post","status-publish","format-standard","has-post-thumbnail","hentry","category-disciplinas-deportivas","tag-mundial-rusia-2018","tag-neymar","tag-pele"],"_links":{"self":[{"href":"https:\/\/elinformanteperu.com\/index.php\/wp-json\/wp\/v2\/posts\/25180","targetHints":{"allow":["GET"]}}],"collection":[{"href":"https:\/\/elinformanteperu.com\/index.php\/wp-json\/wp\/v2\/posts"}],"about":[{"href":"https:\/\/elinformanteperu.com\/index.php\/wp-json\/wp\/v2\/types\/post"}],"author":[{"embeddable":true,"href":"https:\/\/elinformanteperu.com\/index.php\/wp-json\/wp\/v2\/users\/1"}],"replies":[{"embeddable":true,"href":"https:\/\/elinformanteperu.com\/index.php\/wp-json\/wp\/v2\/comments?post=25180"}],"version-history":[{"count":1,"href":"https:\/\/elinformanteperu.com\/index.php\/wp-json\/wp\/v2\/posts\/25180\/revisions"}],"predecessor-version":[{"id":25183,"href":"https:\/\/elinformanteperu.com\/index.php\/wp-json\/wp\/v2\/posts\/25180\/revisions\/25183"}],"wp:featuredmedia":[{"embeddable":true,"href":"https:\/\/elinformanteperu.com\/index.php\/wp-json\/wp\/v2\/media\/25182"}],"wp:attachment":[{"href":"https:\/\/elinformanteperu.com\/index.php\/wp-json\/wp\/v2\/media?parent=25180"}],"wp:term":[{"taxonomy":"category","embeddable":true,"href":"https:\/\/elinformanteperu.com\/index.php\/wp-json\/wp\/v2\/categories?post=25180"},{"taxonomy":"post_tag","embeddable":true,"href":"https:\/\/elinformanteperu.com\/index.php\/wp-json\/wp\/v2\/tags?post=25180"}],"curies":[{"name":"wp","href":"https:\/\/api.w.org\/{rel}","templated":true}]}}