{"id":2518,"date":"2016-12-09T01:21:52","date_gmt":"2016-12-09T06:21:52","guid":{"rendered":"http:\/\/elinformanteperu.com\/?p=2518"},"modified":"2016-12-09T01:21:52","modified_gmt":"2016-12-09T06:21:52","slug":"universitarios-convocan-a-marcha-contra-censura-a-saavedra-este-lunes-12","status":"publish","type":"post","link":"https:\/\/elinformanteperu.com\/index.php\/2016\/12\/09\/universitarios-convocan-a-marcha-contra-censura-a-saavedra-este-lunes-12\/","title":{"rendered":"Universitarios convocan a marcha contra censura a Saavedra este lunes 12"},"content":{"rendered":"<p><strong>Estudiantes universitarios convocaron para este lunes 12 de diciembre a una marcha nacional contra la posible censura al ministro de Educaci\u00f3n, Jaime Saavedra.<\/strong><\/p>\n<p><strong>Lima, 08 Diciembre 2016, (ANDINA).-<\/strong> Estudiantes universitarios convocaron para este lunes 12 de diciembre a una marcha nacional contra la posible censura al ministro de Educaci\u00f3n, Jaime Saavedra, y a favor de que contin\u00fae la reforma educativa en el pa\u00eds.<\/p>\n<p>La invitaci\u00f3n fue hecha en Facebook bajo el nombre Marcha Nacional <strong>#LaEducaci\u00f3nSeRespeta<\/strong>, a trav\u00e9s de la cual se convoca a los asistentes a las 6:00 pm. en la Plaza San Mart\u00edn de Lima, y en las principales plazas del Per\u00fa.<\/p>\n<p>El presidente de la Federaci\u00f3n de Estudiantes de la Universidad Cat\u00f3lica (FEPUC), Renzo Fern\u00e1ndez, uno de las casas superiores de estudio que convoca, sostuvo que el ministro Saavedra empez\u00f3 un proceso de cambios positivos que deben seguir.<\/p>\n<p>\u00abNosotros estamos a favor de eso y en contra de las pr\u00e1cticas pol\u00edticas que ponen por delante intereses econ\u00f3micos y partidarios y no los intereses de los estudiantes o de la poblaci\u00f3n\u201d, coment\u00f3 en di\u00e1logo con Andina.<\/p>\n<p>El dirigente estudiantil precis\u00f3 que los cambios en las gestiones de los gobiernos tienen que estar al servicio de la poblaci\u00f3n, y en este caso, de los estudiantes universitarios y escolares.<\/p>\n<p>\u201cNosotros tenemos derecho a ser buenos profesionales y, por lo tanto, a recibir una educaci\u00f3n de muy buena calidad. Las pol\u00edticas p\u00fablicas tienen que representar nuestros intereses\u201d, coment\u00f3.<\/p>\n<p>Esta marcha tambi\u00e9n es convocada por los centros federados de las universidades Del Pac\u00edfico, ESAN, San Marcos y los colectivos \u00abNo a Keiko\u00bb, \u00abKeiko No Va\u00bb y \u00abLa Educaci\u00f3n Se Respeta\u00bb, quienes a su vez invitar\u00e1n docentes, escolares y otros gremios universitarios.<\/p>\n<p>El \u00faltimo martes, convocados por el colectivo No a Keiko, un numeroso grupo de estudiantes realiz\u00f3 un plant\u00f3n de apoyo a Jaime Saavedra en la plaza San Mart\u00edn del Centro de Lima.<\/p>\n<p>Ayer, mi\u00e9rcoles, tras casi 11 horas de exposiciones y debate, la bancada de Fuerza Popular anunci\u00f3 que presentar\u00e1 una moci\u00f3n de censura contra el ministro Jaime Saavedra, porque, seg\u00fan su posici\u00f3n, no aclar\u00f3 el pliego interpelatorio ni est\u00e1 capacitado para el cargo.<\/p>\n<p>Luis Galarreta, vocero fujimorista, cuestion\u00f3 que Saavedra haya introducido temas que -de acuerdo con su criterio- no estaban directamente vinculados al tema de la corrupci\u00f3n en su sector.<\/p>\n","protected":false},"excerpt":{"rendered":"<p>Estudiantes universitarios convocaron para este lunes 12 de diciembre a una marcha nacional contra la posible censura al ministro de Educaci\u00f3n, Jaime Saavedra. Lima, 08 Diciembre 2016, (ANDINA).- Estudiantes universitarios convocaron para este lunes 12 de diciembre a una marcha nacional contra la posible censura al ministro de Educaci\u00f3n, Jaime Saavedra, y a favor de [&hellip;]<\/p>\n","protected":false},"author":1,"featured_media":2519,"comment_status":"open","ping_status":"open","sticky":false,"template":"","format":"standard","meta":{"rop_custom_images_group":[],"rop_custom_messages_group":[],"rop_publish_now":"initial","rop_publish_now_accounts":[],"rop_publish_now_history":[],"rop_publish_now_status":"pending","footnotes":""},"categories":[5],"tags":[192,286],"class_list":["post-2518","post","type-post","status-publish","format-standard","has-post-thumbnail","hentry","category-actualidad-informativa","tag-congreso","tag-jaime-saavedra"],"_links":{"self":[{"href":"https:\/\/elinformanteperu.com\/index.php\/wp-json\/wp\/v2\/posts\/2518","targetHints":{"allow":["GET"]}}],"collection":[{"href":"https:\/\/elinformanteperu.com\/index.php\/wp-json\/wp\/v2\/posts"}],"about":[{"href":"https:\/\/elinformanteperu.com\/index.php\/wp-json\/wp\/v2\/types\/post"}],"author":[{"embeddable":true,"href":"https:\/\/elinformanteperu.com\/index.php\/wp-json\/wp\/v2\/users\/1"}],"replies":[{"embeddable":true,"href":"https:\/\/elinformanteperu.com\/index.php\/wp-json\/wp\/v2\/comments?post=2518"}],"version-history":[{"count":1,"href":"https:\/\/elinformanteperu.com\/index.php\/wp-json\/wp\/v2\/posts\/2518\/revisions"}],"predecessor-version":[{"id":2520,"href":"https:\/\/elinformanteperu.com\/index.php\/wp-json\/wp\/v2\/posts\/2518\/revisions\/2520"}],"wp:featuredmedia":[{"embeddable":true,"href":"https:\/\/elinformanteperu.com\/index.php\/wp-json\/wp\/v2\/media\/2519"}],"wp:attachment":[{"href":"https:\/\/elinformanteperu.com\/index.php\/wp-json\/wp\/v2\/media?parent=2518"}],"wp:term":[{"taxonomy":"category","embeddable":true,"href":"https:\/\/elinformanteperu.com\/index.php\/wp-json\/wp\/v2\/categories?post=2518"},{"taxonomy":"post_tag","embeddable":true,"href":"https:\/\/elinformanteperu.com\/index.php\/wp-json\/wp\/v2\/tags?post=2518"}],"curies":[{"name":"wp","href":"https:\/\/api.w.org\/{rel}","templated":true}]}}