{"id":25177,"date":"2018-04-16T23:36:28","date_gmt":"2018-04-17T04:36:28","guid":{"rendered":"http:\/\/elinformanteperu.com\/?p=25177"},"modified":"2018-04-16T23:36:28","modified_gmt":"2018-04-17T04:36:28","slug":"torneo-de-verano-asi-se-jugara-la-jornada-13-para-definir-al-segundo-finalista","status":"publish","type":"post","link":"https:\/\/elinformanteperu.com\/index.php\/2018\/04\/16\/torneo-de-verano-asi-se-jugara-la-jornada-13-para-definir-al-segundo-finalista\/","title":{"rendered":"Torneo de Verano: as\u00ed se jugar\u00e1 la jornada 13 para definir al segundo finalista"},"content":{"rendered":"<p><strong><span style=\"color: #000000;\">La fecha 13 del Torneo de Verano, que se jugar\u00e1 entre el viernes 20 y domingo 22 de abril, trae como atracci\u00f3n la lucha por el primer lugar en el Grupo B.\u00a0<\/span><\/strong><\/p>\n<p><span style=\"color: #000000;\"><strong>Lima, 16 de Abril 2018, (ANDINA).-<\/strong> La fecha 13 del Torneo de Verano, que se jugar\u00e1 entre el viernes 20 y domingo 22 de abril, trae como atracci\u00f3n la lucha por el primer lugar en el Grupo B. Real Garcilaso y Sport Huancayo se enfrentar\u00e1n entre s\u00ed para definir al otro finalista que pelear\u00e1 por el t\u00edtulo con Sporting Cristal, el ganador del Grupo A.<\/span><\/p>\n<p><span style=\"color: #000000;\">La jornada 13 se jugar\u00e1 de la siguiente manera:<\/span><\/p>\n<p><strong><span style=\"color: #000000;\">Viernes 20<\/span><\/strong><br \/>\n<span style=\"color: #000000;\">Estadio Manuel Eloy Molina Robles (Huanta)<\/span><br \/>\n<span style=\"color: #000000;\"><strong>15:30 horas:<\/strong> Ayacucho FC.Universitario<\/span><\/p>\n<p><span style=\"color: #000000;\">Estadio Garcilaso (Cusco)<\/span><br \/>\n<span style=\"color: #000000;\"><strong>17:45 horas:<\/strong> Real Garcilaso-Sport Huancayo<\/span><\/p>\n<p><span style=\"color: #000000;\">Estadio Miguel Grau (Callao)<\/span><br \/>\n<span style=\"color: #000000;\"><strong>20:00:<\/strong> D. Municipal-Binacional<\/span><\/p>\n<p><strong><span style=\"color: #000000;\">S\u00e1bado 21<\/span><\/strong><br \/>\n<span style=\"color: #000000;\">Estadio Alberto Gallardo<\/span><br \/>\n<span style=\"color: #000000;\"><strong>15:30 horas:<\/strong> Sporting Cristal-U. San Mart\u00edn<\/span><\/p>\n<p><span style=\"color: #000000;\">Estadio UNSA (Arequipa)<\/span><br \/>\n<span style=\"color: #000000;\"><strong>17:45 horas:<\/strong> FBC Melgar-Uni\u00f3n Comercio<\/span><\/p>\n<p><span style=\"color: #000000;\">Estadio Miguel Grau (Callao)<\/span><br \/>\n<span style=\"color: #000000;\"><strong>20:00 horas:<\/strong> Cantolao-Sport Boys<\/span><\/p>\n<p><strong><span style=\"color: #000000;\">Domingo 22<\/span><\/strong><br \/>\n<span style=\"color: #000000;\">Estadio Carlos A. Olivares (Guadalupe)<\/span><br \/>\n<span style=\"color: #000000;\"><strong>13:30 horas:<\/strong> Comerciantes Unidos-UTC<\/span><\/p>\n<p><span style=\"color: #000000;\">Estadio Alejandro Villanueva<\/span><br \/>\n<span style=\"color: #000000;\"><strong>16:00 horas:<\/strong> Alianza Lima-Sport Rosario.<\/span><\/p>\n<p><img fetchpriority=\"high\" decoding=\"async\" class=\"aligncenter size-full wp-image-23303\" src=\"http:\/\/elinformanteperu.com\/wp-content\/uploads\/2018\/03\/sport-huancayo-union-espa\u00f1ola.jpg\" alt=\"\" width=\"500\" height=\"333\" srcset=\"https:\/\/elinformanteperu.com\/wp-content\/uploads\/2018\/03\/sport-huancayo-union-espa\u00f1ola.jpg 500w, https:\/\/elinformanteperu.com\/wp-content\/uploads\/2018\/03\/sport-huancayo-union-espa\u00f1ola-300x200.jpg 300w, https:\/\/elinformanteperu.com\/wp-content\/uploads\/2018\/03\/sport-huancayo-union-espa\u00f1ola-128x85.jpg 128w, https:\/\/elinformanteperu.com\/wp-content\/uploads\/2018\/03\/sport-huancayo-union-espa\u00f1ola-32x21.jpg 32w\" sizes=\"(max-width: 500px) 100vw, 500px\" \/><\/p>\n","protected":false},"excerpt":{"rendered":"<p>La fecha 13 del Torneo de Verano, que se jugar\u00e1 entre el viernes 20 y domingo 22 de abril, trae como atracci\u00f3n la lucha por el primer lugar en el Grupo B.\u00a0 Lima, 16 de Abril 2018, (ANDINA).- La fecha 13 del Torneo de Verano, que se jugar\u00e1 entre el viernes 20 y domingo 22 [&hellip;]<\/p>\n","protected":false},"author":1,"featured_media":23258,"comment_status":"open","ping_status":"open","sticky":false,"template":"","format":"standard","meta":{"rop_custom_images_group":[],"rop_custom_messages_group":[],"rop_publish_now":"initial","rop_publish_now_accounts":[],"rop_publish_now_history":[],"rop_publish_now_status":"pending","footnotes":""},"categories":[8],"tags":[2691],"class_list":["post-25177","post","type-post","status-publish","format-standard","has-post-thumbnail","hentry","category-disciplinas-deportivas","tag-torneo-de-verano-2018"],"_links":{"self":[{"href":"https:\/\/elinformanteperu.com\/index.php\/wp-json\/wp\/v2\/posts\/25177","targetHints":{"allow":["GET"]}}],"collection":[{"href":"https:\/\/elinformanteperu.com\/index.php\/wp-json\/wp\/v2\/posts"}],"about":[{"href":"https:\/\/elinformanteperu.com\/index.php\/wp-json\/wp\/v2\/types\/post"}],"author":[{"embeddable":true,"href":"https:\/\/elinformanteperu.com\/index.php\/wp-json\/wp\/v2\/users\/1"}],"replies":[{"embeddable":true,"href":"https:\/\/elinformanteperu.com\/index.php\/wp-json\/wp\/v2\/comments?post=25177"}],"version-history":[{"count":1,"href":"https:\/\/elinformanteperu.com\/index.php\/wp-json\/wp\/v2\/posts\/25177\/revisions"}],"predecessor-version":[{"id":25179,"href":"https:\/\/elinformanteperu.com\/index.php\/wp-json\/wp\/v2\/posts\/25177\/revisions\/25179"}],"wp:featuredmedia":[{"embeddable":true,"href":"https:\/\/elinformanteperu.com\/index.php\/wp-json\/wp\/v2\/media\/23258"}],"wp:attachment":[{"href":"https:\/\/elinformanteperu.com\/index.php\/wp-json\/wp\/v2\/media?parent=25177"}],"wp:term":[{"taxonomy":"category","embeddable":true,"href":"https:\/\/elinformanteperu.com\/index.php\/wp-json\/wp\/v2\/categories?post=25177"},{"taxonomy":"post_tag","embeddable":true,"href":"https:\/\/elinformanteperu.com\/index.php\/wp-json\/wp\/v2\/tags?post=25177"}],"curies":[{"name":"wp","href":"https:\/\/api.w.org\/{rel}","templated":true}]}}