{"id":2516,"date":"2016-12-09T01:17:35","date_gmt":"2016-12-09T06:17:35","guid":{"rendered":"http:\/\/elinformanteperu.com\/?p=2516"},"modified":"2016-12-09T01:17:35","modified_gmt":"2016-12-09T06:17:35","slug":"frente-amplio-critica-a-fuerza-popular-por-pedido-de-censura-contra-saavedra","status":"publish","type":"post","link":"https:\/\/elinformanteperu.com\/index.php\/2016\/12\/09\/frente-amplio-critica-a-fuerza-popular-por-pedido-de-censura-contra-saavedra\/","title":{"rendered":"Frente Amplio critica a Fuerza Popular por pedido de censura contra Saavedra"},"content":{"rendered":"<p><strong>La lideresa del Frente Amplio, Ver\u00f3nika Mendoza, cuestion\u00f3 a la bancada de Fuerza Popular por anunciar la presentaci\u00f3n de una moci\u00f3n de censura contra el ministro Jaime Saavedra.<\/strong><\/p>\n<p><strong>Lima, 08 Diciembre 2016, (ANDINA).-<\/strong> La lideresa del Frente Amplio (FA), Ver\u00f3nika Mendoza, cuestion\u00f3 a la bancada de Fuerza Popular (FP) por anunciar la presentaci\u00f3n de una moci\u00f3n de censura contra el ministro de Educaci\u00f3n, Jaime Saavedra.<\/p>\n<p>A trav\u00e9s de Twitter, coment\u00f3 que a dicha agrupaci\u00f3n pol\u00edtica \u201cno le interesa la educaci\u00f3n\u201d.<\/p>\n<p>\u201cInmediatez de pedido de censura prueba que para Fujimorismo esto es solo demostraci\u00f3n de fuerza para chantajear. No le interesa la educaci\u00f3n\u201d, precis\u00f3.<\/p>\n<p>A su turno, la vocera del FA, Marisa Glave, se\u00f1al\u00f3 que los parlamentarios de FP no evaluaron las respuestas que el ministro Saavedra brind\u00f3 durante la sesi\u00f3n de interpelaci\u00f3n, realizada en la v\u00edspera.<\/p>\n<p>\u201cNo me sorprende que salgan en menos de 10 minutos de acabado el pleno, sin evaluar m\u00ednimamente las respuestas del ministro\u201d, asever\u00f3 en su cuenta de Facebook.<\/p>\n<p>Refiri\u00f3 que frente a este tema, el gobierno debe responder pol\u00edticamente habl\u00e1ndole a la gente y en particular al magisterio y los trabajadores.<\/p>\n","protected":false},"excerpt":{"rendered":"<p>La lideresa del Frente Amplio, Ver\u00f3nika Mendoza, cuestion\u00f3 a la bancada de Fuerza Popular por anunciar la presentaci\u00f3n de una moci\u00f3n de censura contra el ministro Jaime Saavedra. Lima, 08 Diciembre 2016, (ANDINA).- La lideresa del Frente Amplio (FA), Ver\u00f3nika Mendoza, cuestion\u00f3 a la bancada de Fuerza Popular (FP) por anunciar la presentaci\u00f3n de una [&hellip;]<\/p>\n","protected":false},"author":1,"featured_media":2239,"comment_status":"open","ping_status":"open","sticky":false,"template":"","format":"standard","meta":{"rop_custom_images_group":[],"rop_custom_messages_group":[],"rop_publish_now":"initial","rop_publish_now_accounts":[],"rop_publish_now_history":[],"rop_publish_now_status":"pending","footnotes":""},"categories":[5],"tags":[192,286,442],"class_list":["post-2516","post","type-post","status-publish","format-standard","has-post-thumbnail","hentry","category-actualidad-informativa","tag-congreso","tag-jaime-saavedra","tag-veronika-mendoza"],"_links":{"self":[{"href":"https:\/\/elinformanteperu.com\/index.php\/wp-json\/wp\/v2\/posts\/2516","targetHints":{"allow":["GET"]}}],"collection":[{"href":"https:\/\/elinformanteperu.com\/index.php\/wp-json\/wp\/v2\/posts"}],"about":[{"href":"https:\/\/elinformanteperu.com\/index.php\/wp-json\/wp\/v2\/types\/post"}],"author":[{"embeddable":true,"href":"https:\/\/elinformanteperu.com\/index.php\/wp-json\/wp\/v2\/users\/1"}],"replies":[{"embeddable":true,"href":"https:\/\/elinformanteperu.com\/index.php\/wp-json\/wp\/v2\/comments?post=2516"}],"version-history":[{"count":1,"href":"https:\/\/elinformanteperu.com\/index.php\/wp-json\/wp\/v2\/posts\/2516\/revisions"}],"predecessor-version":[{"id":2517,"href":"https:\/\/elinformanteperu.com\/index.php\/wp-json\/wp\/v2\/posts\/2516\/revisions\/2517"}],"wp:featuredmedia":[{"embeddable":true,"href":"https:\/\/elinformanteperu.com\/index.php\/wp-json\/wp\/v2\/media\/2239"}],"wp:attachment":[{"href":"https:\/\/elinformanteperu.com\/index.php\/wp-json\/wp\/v2\/media?parent=2516"}],"wp:term":[{"taxonomy":"category","embeddable":true,"href":"https:\/\/elinformanteperu.com\/index.php\/wp-json\/wp\/v2\/categories?post=2516"},{"taxonomy":"post_tag","embeddable":true,"href":"https:\/\/elinformanteperu.com\/index.php\/wp-json\/wp\/v2\/tags?post=2516"}],"curies":[{"name":"wp","href":"https:\/\/api.w.org\/{rel}","templated":true}]}}