{"id":25134,"date":"2018-04-16T00:10:52","date_gmt":"2018-04-16T05:10:52","guid":{"rendered":"http:\/\/elinformanteperu.com\/?p=25134"},"modified":"2018-04-16T00:10:52","modified_gmt":"2018-04-16T05:10:52","slug":"independencia-del-tc-en-caso-humala-heredia-esta-garantizada-dice-su-presidente","status":"publish","type":"post","link":"https:\/\/elinformanteperu.com\/index.php\/2018\/04\/16\/independencia-del-tc-en-caso-humala-heredia-esta-garantizada-dice-su-presidente\/","title":{"rendered":"Independencia del TC en caso Humala-Heredia est\u00e1 garantizada, dice su presidente"},"content":{"rendered":"<p><strong><span style=\"color: #000000;\">El presidente del Tribunal Constitucional (TC), Ernesto Blume Fortini, indic\u00f3 que esta garantizada la independencia de este organismo.<\/span><\/strong><\/p>\n<p><span style=\"color: #000000;\"><strong>Lima, 15 de Abril 2018, (ANDINA).-<\/strong> El presidente del Tribunal Constitucional (TC), Ernesto Blume Fortini, indic\u00f3 que esta garantizada la independencia de este organismo, que debe resolver el habeas corpus que pide la libertad del expresidente Ollanta Humala y su esposa Nadine Heredia.<\/span><\/p>\n<p><span style=\"color: #000000;\">Blume precis\u00f3 tambi\u00e9n que sobre este tema, que est\u00e1 en proceso deliberativo, \u201cno existe posici\u00f3n alguna en el tribunal, por lo que las informaciones sobre un supuesto empate son \u201cespeculaciones\u201d.<\/span><\/p>\n<p><span style=\"color: #000000;\">\u201cEspero (que se defina el 26 de abril), como presidente quiero que se solucione de inmediato, pero estoy sujeto a normas que no puedo dejar de cumplir\u201d, manifest\u00f3 en Canal N.<\/span><\/p>\n<p><span style=\"color: #000000;\">Sostuvo que el Tribunal Constitucional, con este recurso, no se pronunciar\u00e1 sobre la inocencia o culpabilidad de Ollanta Humala y Nadine Heredia, porque ello depende del caso que arme el fiscal que investiga los aportes que habr\u00edan recibido de empresa brasile\u00f1as para su campa\u00f1a presidencial.<\/span><\/p>\n<p><span style=\"color: #000000;\">El magistrado neg\u00f3 que sea cierto que exista una supuesta presi\u00f3n pol\u00edtica sobre el TC en este caso.<\/span><\/p>\n<p><span style=\"color: #000000;\">\u201cNadie nos presiona y si lo hacen se estrellar\u00e1n contra una pared, as\u00ed venga una autoridad de m\u00e1ximo nivel. Observo que hay independencia en este Tribunal, si hay un denominador com\u00fan es que somos personas honestas y acad\u00e9micas. La independencia est\u00e1 garantizada\u201d, explic\u00f3.<\/span><\/p>\n<p><span style=\"color: #000000;\">Sobre la ausencia del magistrado Eloy Espinosa-Salda\u00f1a en la votaci\u00f3n de esta causa, dijo que le TC acept\u00f3 el pedido de tres semanas de vacaciones que formul\u00f3 el 28 de marzo, raz\u00f3n por la cual el proceso de votaci\u00f3n terminar\u00e1 cuando regrese.<\/span><\/p>\n<p><span style=\"color: #000000;\">En cuanto al sobre que dicho magistrado dej\u00f3 con su voto sobre este caso, refiri\u00f3 que se rechaz\u00f3 esta forma de votaci\u00f3n, porque seg\u00fan el reglamento el miembro del TC debe efectuar su votaci\u00f3n a mano alzada.<\/span><\/p>\n<p><span style=\"color: #000000;\">\u201cEl magistrado tiene que estar (en la votaci\u00f3n) y no hay posibilidad de votar en ausencia. Debe estar el 26 (de abril), si no se presenta (Eloy Es\u00ednoza- Salda\u00f1a), el pleno tendr\u00eda que tomar una medida.<\/span><\/p>\n<p><span style=\"color: #000000;\">Corte Interamericana<\/span><\/p>\n<p><span style=\"color: #000000;\">En otro momento, el magistrado consider\u00f3 que la decisi\u00f3n que tome la Corte Interamericana de Derechos Humanos (Corte IDH) respecto al indulto humanitario otorgado a Alberto Fujimori, es obligatoria \u201cy no hay posibilidad de rehuir a ese mandato\u201d.<\/span><\/p>\n<p><span style=\"color: #000000;\">\u201cLos mandatos de la Corte IDH son obligatorios y el Tribunal Constitucional no tiene nada que decir, es mi posici\u00f3n personal\u201d, sostuvo.<\/span><\/p>\n<p><span style=\"color: #000000;\">Sobre la acci\u00f3n de inconstitucionalidad a la denominada \u201cbancada mixta\u201d reglamentada en el Congreso, dijo que este tema se ver\u00e1 en Arequipa a fin de mes, donde se escuchar\u00e1 a los abogados de ambas partes y quedar\u00e1 a deliberaci\u00f3n y un plazo de 30 d\u00edas para dictar sentencia.<\/span><\/p>\n","protected":false},"excerpt":{"rendered":"<p>El presidente del Tribunal Constitucional (TC), Ernesto Blume Fortini, indic\u00f3 que esta garantizada la independencia de este organismo. Lima, 15 de Abril 2018, (ANDINA).- El presidente del Tribunal Constitucional (TC), Ernesto Blume Fortini, indic\u00f3 que esta garantizada la independencia de este organismo, que debe resolver el habeas corpus que pide la libertad del expresidente Ollanta [&hellip;]<\/p>\n","protected":false},"author":1,"featured_media":25136,"comment_status":"open","ping_status":"open","sticky":false,"template":"","format":"standard","meta":{"rop_custom_images_group":[],"rop_custom_messages_group":[],"rop_publish_now":"initial","rop_publish_now_accounts":[],"rop_publish_now_history":[],"rop_publish_now_status":"pending","footnotes":""},"categories":[5],"tags":[2500,291,403,1402,1401],"class_list":["post-25134","post","type-post","status-publish","format-standard","has-post-thumbnail","hentry","category-actualidad-informativa","tag-ernesto-blume-fortini","tag-nadine-heredia","tag-ollanta-humala","tag-tc","tag-tribunal-constitucional"],"_links":{"self":[{"href":"https:\/\/elinformanteperu.com\/index.php\/wp-json\/wp\/v2\/posts\/25134","targetHints":{"allow":["GET"]}}],"collection":[{"href":"https:\/\/elinformanteperu.com\/index.php\/wp-json\/wp\/v2\/posts"}],"about":[{"href":"https:\/\/elinformanteperu.com\/index.php\/wp-json\/wp\/v2\/types\/post"}],"author":[{"embeddable":true,"href":"https:\/\/elinformanteperu.com\/index.php\/wp-json\/wp\/v2\/users\/1"}],"replies":[{"embeddable":true,"href":"https:\/\/elinformanteperu.com\/index.php\/wp-json\/wp\/v2\/comments?post=25134"}],"version-history":[{"count":1,"href":"https:\/\/elinformanteperu.com\/index.php\/wp-json\/wp\/v2\/posts\/25134\/revisions"}],"predecessor-version":[{"id":25137,"href":"https:\/\/elinformanteperu.com\/index.php\/wp-json\/wp\/v2\/posts\/25134\/revisions\/25137"}],"wp:featuredmedia":[{"embeddable":true,"href":"https:\/\/elinformanteperu.com\/index.php\/wp-json\/wp\/v2\/media\/25136"}],"wp:attachment":[{"href":"https:\/\/elinformanteperu.com\/index.php\/wp-json\/wp\/v2\/media?parent=25134"}],"wp:term":[{"taxonomy":"category","embeddable":true,"href":"https:\/\/elinformanteperu.com\/index.php\/wp-json\/wp\/v2\/categories?post=25134"},{"taxonomy":"post_tag","embeddable":true,"href":"https:\/\/elinformanteperu.com\/index.php\/wp-json\/wp\/v2\/tags?post=25134"}],"curies":[{"name":"wp","href":"https:\/\/api.w.org\/{rel}","templated":true}]}}