{"id":2511,"date":"2016-12-09T01:11:32","date_gmt":"2016-12-09T06:11:32","guid":{"rendered":"http:\/\/elinformanteperu.com\/?p=2511"},"modified":"2016-12-09T01:11:32","modified_gmt":"2016-12-09T06:11:32","slug":"presidente-de-municipal-asegura-que-la-prioridad-es-conseguir-infraestructura-propia","status":"publish","type":"post","link":"https:\/\/elinformanteperu.com\/index.php\/2016\/12\/09\/presidente-de-municipal-asegura-que-la-prioridad-es-conseguir-infraestructura-propia\/","title":{"rendered":"Presidente de Municipal asegura que la prioridad es conseguir infraestructura propia"},"content":{"rendered":"<p><strong>\u00d3scar Vega, presidente del Deportivo Municipal habl\u00f3 sobre los proyectos que tiene el club edil para construir una sede social y otra deportiva.<\/strong><\/p>\n<p><strong>Lima, 08 Diciembre 2016, (ANDINA).-<\/strong> \u00d3scar Vega, presidente del Deportivo Municipal, convers\u00f3 con la Agencia de Noticias Andina y habl\u00f3 sobre los proyectos que tiene el club edil para construir una sede social y otra deportiva en el distrito de Villa El Salvador.<\/p>\n<p>\u00abUno de nuestros principales objetivos para los pr\u00f3ximos a\u00f1os, sea con nosotros u otra directiva, es tener infraestructura propia para poder desarrollarnos\u00bb, coment\u00f3 Vega.<\/p>\n<p>A partir de esto, precis\u00f3 sobre el principal proyecto que tiene el Deportivo Municipal sobre infraestructura: la &#8216;Casa Edil&#8217;. \u00abEn los pr\u00f3ximos d\u00edas ya se concretar\u00e1 el tema del terreno, que ser\u00e1 uno peque\u00f1o, que lo estamos adquiriendo a trav\u00e9s de un convenio con uno de nuestros sponsors para tener nuestra sede social en el mimso Villa El Salvador\u00bb.<\/p>\n<p>Adem\u00e1s, Vega asegur\u00f3 que tienen \u00abencaminado\u00bb el proyecto de una sede deportiva en el mismo distrito. \u00abSeguramente en alg\u00fan momento se dar\u00e1, en el mediano o corto plazo. Sin infraestructura es dif\u00edcil el desarrollo de los menores, incluso de los mayores, y la captaci\u00f3n de talentos\u00bb, precis\u00f3.<\/p>\n<p>\u00abEsto (contar con infraestructura) tambi\u00e9n generar\u00e1 una estabilidad econ\u00f3mica importante. Si solo dependemos de los ingresos de televisi\u00f3n y sponsrors estamos destinados a morir en el camino, como se dice. Si no desarrollamos el tema de menores para vender jugadores no nos ir\u00e1 bien\u00bb, a\u00f1adi\u00f3 el titular de la Academia.<\/p>\n<p><strong>La temporada 2017<\/strong><\/p>\n<p>La clasificaci\u00f3n a la Copa Libertadores cambia el panorama de cara al pr\u00f3ximo a\u00f1o para el Deportivo Municipal, tanto en el tema de ingresos como en la capacidad de negociaci\u00f3n.<\/p>\n<p>\u00abLa clasificaci\u00f3n a la Libertadores nos alienta a acelerar el tema de contrataciones. Para nosotros, jugadores como Corzo y Alfageme son pilares de la estructura del equipo. Estamos haciendo esfuerzos para que se mantengan en el club\u00bb, coment\u00f3 Vega al ser consultado sobre refuerzos y la posibilidad de que algunos futbolistas reciban ofertas de otros equipos ante la buena campa\u00f1a.<\/p>\n<p>Sobre la Libertadores asegur\u00f3 adem\u00e1s que \u00abes un reto importante y vamos a pelear hasta el \u00faltimo minuto para pasar la fase de repechaje, llegar a la fase de grupos y avanzar todo lo que podamos\u00bb.<\/p>\n<p>El titular edil asegur\u00f3 despu\u00e9s que no piensa gastar el dinero por participar en la Libertadores en reforzar la plantilla. \u00abTe da un ingreso econ\u00f3mico importante pero tampoco se trata de coger y gastarlo todo en fichajes. El club tiene compromisos y obligaicones que cumplir. Hay que ser responsables con eso\u00bb.<\/p>\n<p>Finalmente, el \u00d3scar Vega se anim\u00f3 a confirmar algunos elementos del equipo que ya renovaron su v\u00ednculo y asegur\u00f3 que ya tiene traspasos cerrados, pero evit\u00f3 revelar nombres.<\/p>\n<p>\u00abYa renov\u00f3 Aldair Salazar, Pedro Guti\u00e9rrrez, mantiene contrato Adri\u00e1n Zela y otros que hab\u00edan firmado por dos a\u00f1os con el club. Tambi\u00e9n tenemos algunos temas cerrados con nuevos jugadores. Por respeto al grupo que todav\u00eda le queda un partido por jugar no mencionar\u00e9 nombres\u00bb, indic\u00f3.<\/p>\n<p>Sobre el partido de este s\u00e1bado contra Universitario de Deportes por el tercer lugar se\u00f1al\u00f3 que \u00abla clasificaci\u00f3n a la Copa Libertadores nos alienta para obtener un triunfo\u00bb.<\/p>\n","protected":false},"excerpt":{"rendered":"<p>\u00d3scar Vega, presidente del Deportivo Municipal habl\u00f3 sobre los proyectos que tiene el club edil para construir una sede social y otra deportiva. Lima, 08 Diciembre 2016, (ANDINA).- \u00d3scar Vega, presidente del Deportivo Municipal, convers\u00f3 con la Agencia de Noticias Andina y habl\u00f3 sobre los proyectos que tiene el club edil para construir una sede [&hellip;]<\/p>\n","protected":false},"author":1,"featured_media":2056,"comment_status":"open","ping_status":"open","sticky":false,"template":"","format":"standard","meta":{"rop_custom_images_group":[],"rop_custom_messages_group":[],"rop_publish_now":"initial","rop_publish_now_accounts":[],"rop_publish_now_history":[],"rop_publish_now_status":"pending","footnotes":""},"categories":[8],"tags":[230],"class_list":["post-2511","post","type-post","status-publish","format-standard","has-post-thumbnail","hentry","category-disciplinas-deportivas","tag-deportivo-municipal"],"_links":{"self":[{"href":"https:\/\/elinformanteperu.com\/index.php\/wp-json\/wp\/v2\/posts\/2511","targetHints":{"allow":["GET"]}}],"collection":[{"href":"https:\/\/elinformanteperu.com\/index.php\/wp-json\/wp\/v2\/posts"}],"about":[{"href":"https:\/\/elinformanteperu.com\/index.php\/wp-json\/wp\/v2\/types\/post"}],"author":[{"embeddable":true,"href":"https:\/\/elinformanteperu.com\/index.php\/wp-json\/wp\/v2\/users\/1"}],"replies":[{"embeddable":true,"href":"https:\/\/elinformanteperu.com\/index.php\/wp-json\/wp\/v2\/comments?post=2511"}],"version-history":[{"count":1,"href":"https:\/\/elinformanteperu.com\/index.php\/wp-json\/wp\/v2\/posts\/2511\/revisions"}],"predecessor-version":[{"id":2512,"href":"https:\/\/elinformanteperu.com\/index.php\/wp-json\/wp\/v2\/posts\/2511\/revisions\/2512"}],"wp:featuredmedia":[{"embeddable":true,"href":"https:\/\/elinformanteperu.com\/index.php\/wp-json\/wp\/v2\/media\/2056"}],"wp:attachment":[{"href":"https:\/\/elinformanteperu.com\/index.php\/wp-json\/wp\/v2\/media?parent=2511"}],"wp:term":[{"taxonomy":"category","embeddable":true,"href":"https:\/\/elinformanteperu.com\/index.php\/wp-json\/wp\/v2\/categories?post=2511"},{"taxonomy":"post_tag","embeddable":true,"href":"https:\/\/elinformanteperu.com\/index.php\/wp-json\/wp\/v2\/tags?post=2511"}],"curies":[{"name":"wp","href":"https:\/\/api.w.org\/{rel}","templated":true}]}}