{"id":25057,"date":"2018-04-15T22:37:48","date_gmt":"2018-04-16T03:37:48","guid":{"rendered":"http:\/\/elinformanteperu.com\/?p=25057"},"modified":"2018-04-15T22:37:48","modified_gmt":"2018-04-16T03:37:48","slug":"bayern-de-munich-niko-kovac-sera-el-proximo-entrenador","status":"publish","type":"post","link":"https:\/\/elinformanteperu.com\/index.php\/2018\/04\/15\/bayern-de-munich-niko-kovac-sera-el-proximo-entrenador\/","title":{"rendered":"Bayern de M\u00fanich: Niko Kovac ser\u00e1 el pr\u00f3ximo entrenador"},"content":{"rendered":"<p><strong><span style=\"color: #000000;\">Niko Kovac, actual entrenador del Eintracht de Fr\u00e1ncfort, dejar\u00e1 su club a final de temporada para fichar por el Bayern de M\u00fanich con un contrato de tres a\u00f1os.<\/span><\/strong><\/p>\n<p><span style=\"color: #000000;\"><strong>M\u00fanich, 14 de Abril 2018, (ANDINA).-<\/strong> Niko Kovac, actual entrenador del Eintracht de Fr\u00e1ncfort, dejar\u00e1 su club a final de temporada para fichar por el Bayern de M\u00fanich con un contrato de tres a\u00f1os, indic\u00f3 el club b\u00e1varo.<\/span><\/p>\n<p><span style=\"color: #000000;\">\u00abAlcanzamos un acuerdo por un contrato de tres a\u00f1os. Existe una cl\u00e1usula en su contrato actual que le permite\u00bb dejar el Eintracht, explic\u00f3 el director deportivo del Bayern M\u00fanich Hasan Salihamidzic en la p\u00e1gina de internet del club.<\/span><\/p>\n<p><span style=\"color: #000000;\">Kovac, de 46 a\u00f1os, sustituir\u00e1 a Jupp Heynckes, de 72, que hab\u00eda anunciado que dejar\u00eda el club campe\u00f3n de Alemania al final de la temporada.<\/span><\/p>\n<p><span style=\"color: #000000;\">Actualmente entrenador del Eintracht Fr\u00e1ncfort (quinto en Bundesliga), el exinternacional croata que disput\u00f3 83 partidos con su selecci\u00f3n volver\u00e1 a un club que conoce bien, ya que jug\u00f3 all\u00ed entre 2001 y 2003.<\/span><\/p>\n<p><span style=\"color: #000000;\">\u00abConoce el club, su ADN y hemos jugado juntos. Nos apreciamos y tenemos muy buenas relaciones\u00bb, a\u00f1adi\u00f3 Salihamidzic, tambi\u00e9n exjugador del Bayern (1998-2007), que se aline\u00f3 junto a Kovac en el centro del campo del Bayern y ganaron juntos la Copa Intercontinental en 2001, adem\u00e1s de lograr el doblete Copa-Bundesliga en 2003.<\/span><\/p>\n<p><span style=\"color: #000000;\">El bosnio rechaz\u00f3 las cr\u00edticas sobre el palmar\u00e9s como entrenador de Kovac, que algunos estiman todav\u00eda ligero.<\/span><\/p>\n<p><span style=\"color: #000000;\">Seleccionador de Croacia de 2013 a 2015, Kovac logr\u00f3 clasificar a este equipo al Mundial-2014 en Brasil, aunque con su tercer puesto en su grupo, detr\u00e1s de Brasil y M\u00e9xico, fue eliminado en la fase de grupos.<\/span><\/p>\n<p><span style=\"color: #000000;\">Tras llegar en octubre de 2017 para sustituir al italiano Carlo Ancelotti, Jupp Heynckes, pese a las peticiones repetidas de los dirigentes del club, rechaz\u00f3 la prolongaci\u00f3n de su contrato al t\u00e9rmino de la temporada.<\/span><\/p>\n<p><img fetchpriority=\"high\" decoding=\"async\" class=\"aligncenter size-full wp-image-17653\" src=\"http:\/\/elinformanteperu.com\/wp-content\/uploads\/2017\/10\/bayern-lider1.jpg\" alt=\"\" width=\"1020\" height=\"640\" srcset=\"https:\/\/elinformanteperu.com\/wp-content\/uploads\/2017\/10\/bayern-lider1.jpg 1020w, https:\/\/elinformanteperu.com\/wp-content\/uploads\/2017\/10\/bayern-lider1-300x188.jpg 300w, https:\/\/elinformanteperu.com\/wp-content\/uploads\/2017\/10\/bayern-lider1-768x482.jpg 768w, https:\/\/elinformanteperu.com\/wp-content\/uploads\/2017\/10\/bayern-lider1-128x80.jpg 128w, https:\/\/elinformanteperu.com\/wp-content\/uploads\/2017\/10\/bayern-lider1-32x20.jpg 32w\" sizes=\"(max-width: 1020px) 100vw, 1020px\" \/><\/p>\n","protected":false},"excerpt":{"rendered":"<p>Niko Kovac, actual entrenador del Eintracht de Fr\u00e1ncfort, dejar\u00e1 su club a final de temporada para fichar por el Bayern de M\u00fanich con un contrato de tres a\u00f1os. M\u00fanich, 14 de Abril 2018, (ANDINA).- Niko Kovac, actual entrenador del Eintracht de Fr\u00e1ncfort, dejar\u00e1 su club a final de temporada para fichar por el Bayern de [&hellip;]<\/p>\n","protected":false},"author":1,"featured_media":25059,"comment_status":"open","ping_status":"open","sticky":false,"template":"","format":"standard","meta":{"rop_custom_images_group":[],"rop_custom_messages_group":[],"rop_publish_now":"initial","rop_publish_now_accounts":[],"rop_publish_now_history":[],"rop_publish_now_status":"pending","footnotes":""},"categories":[8],"tags":[1379,2992],"class_list":["post-25057","post","type-post","status-publish","format-standard","has-post-thumbnail","hentry","category-disciplinas-deportivas","tag-bayern-de-munich","tag-niko-kovac"],"_links":{"self":[{"href":"https:\/\/elinformanteperu.com\/index.php\/wp-json\/wp\/v2\/posts\/25057","targetHints":{"allow":["GET"]}}],"collection":[{"href":"https:\/\/elinformanteperu.com\/index.php\/wp-json\/wp\/v2\/posts"}],"about":[{"href":"https:\/\/elinformanteperu.com\/index.php\/wp-json\/wp\/v2\/types\/post"}],"author":[{"embeddable":true,"href":"https:\/\/elinformanteperu.com\/index.php\/wp-json\/wp\/v2\/users\/1"}],"replies":[{"embeddable":true,"href":"https:\/\/elinformanteperu.com\/index.php\/wp-json\/wp\/v2\/comments?post=25057"}],"version-history":[{"count":1,"href":"https:\/\/elinformanteperu.com\/index.php\/wp-json\/wp\/v2\/posts\/25057\/revisions"}],"predecessor-version":[{"id":25060,"href":"https:\/\/elinformanteperu.com\/index.php\/wp-json\/wp\/v2\/posts\/25057\/revisions\/25060"}],"wp:featuredmedia":[{"embeddable":true,"href":"https:\/\/elinformanteperu.com\/index.php\/wp-json\/wp\/v2\/media\/25059"}],"wp:attachment":[{"href":"https:\/\/elinformanteperu.com\/index.php\/wp-json\/wp\/v2\/media?parent=25057"}],"wp:term":[{"taxonomy":"category","embeddable":true,"href":"https:\/\/elinformanteperu.com\/index.php\/wp-json\/wp\/v2\/categories?post=25057"},{"taxonomy":"post_tag","embeddable":true,"href":"https:\/\/elinformanteperu.com\/index.php\/wp-json\/wp\/v2\/tags?post=25057"}],"curies":[{"name":"wp","href":"https:\/\/api.w.org\/{rel}","templated":true}]}}