{"id":25051,"date":"2018-04-15T22:34:26","date_gmt":"2018-04-16T03:34:26","guid":{"rendered":"http:\/\/elinformanteperu.com\/?p=25051"},"modified":"2018-04-15T22:34:26","modified_gmt":"2018-04-16T03:34:26","slug":"liga-de-campeones-bayern-munich-real-madrid-y-liverpool-roma-en-semifinales","status":"publish","type":"post","link":"https:\/\/elinformanteperu.com\/index.php\/2018\/04\/15\/liga-de-campeones-bayern-munich-real-madrid-y-liverpool-roma-en-semifinales\/","title":{"rendered":"Liga de Campeones: Bayern M\u00fanich-Real Madrid y Liverpool-Roma en semifinales"},"content":{"rendered":"<p><span style=\"color: #000000;\"><strong>Bayern M\u00fanich y Real Madrid disputar\u00e1n una final anticipada en semifinales de la Liga de Campeones, mientras que Liverpool y AS Roma se enfrentar\u00e1n en la otra eliminatoria.<\/strong><\/span><\/p>\n<p><span style=\"color: #000000;\"><strong>Nyon, 14 de Abril 2018, (ANDINA).-<\/strong> Bayern M\u00fanich y Real Madrid disputar\u00e1n una final anticipada en semifinales de la Liga de Campeones, mientras que Liverpool y AS Roma se enfrentar\u00e1n en la otra eliminatoria, tras el sorteo realizado este viernes en la sede de la UEFA en Nyon (Suiza), que cont\u00f3 con la mano &#8216;inocente&#8217; del exdelantero Andrei Shevchenko.<\/span><\/p>\n<p><span style=\"color: #000000;\">Los partidos de ida de semifinales se disputar\u00e1n el 24 y 25 de abril, mientras que la vuelta est\u00e1 programada para el 1 y 2 de mayo.<\/span><\/p>\n<p><span style=\"color: #000000;\">As\u00ed pues, uno de los dos &#8216;colosos&#8217; se quedar\u00e1 a las puertas de la final. El Real Madrid, al igual que en la eliminatoria de cuartos ante la Juventus, contar\u00e1 con el factor cancha a su favor, ya que la vuelta la disputar\u00e1 en el Santiago Bernab\u00e9u.<\/span><\/p>\n<p><span style=\"color: #000000;\">El Real Madrid opta a una tercera &#8216;Champions&#8217; consecutiva, que ser\u00eda la 13\u00aa de su palmar\u00e9s. El Bayern, por su parte, levant\u00f3 su \u00faltima de sus cinco &#8216;Orejonas&#8217; en 2013, bajo las \u00f3rdenes de su actual entrenador Jupp Heynckes, que logr\u00f3 el t\u00edtulo en 1998 cuando dirig\u00eda al conjunto blanco.<\/span><\/p>\n<p><span style=\"color: #000000;\">El exmadridista del Bayern James Rodr\u00edguez y el alem\u00e1n Toni Kroos, hoy en las filas blancas, se medir\u00e1n con sus anteriores equipos.<\/span><\/p>\n<p><span style=\"color: #000000;\">La otra semifinal medir\u00e1 a un hist\u00f3rico de la competici\u00f3n, el Liverpool, con cinco &#8216;Champions&#8217; en sus vitrinas, con la Roma, en lo que ser\u00e1 la reedici\u00f3n de la final de la Copa de Europa de 1984, que se llevaron los ingleses en la capital italiana por penales.<\/span><\/p>\n<p><span style=\"color: #000000;\">El choque ser\u00e1 asimismo la oportunidad de ver al egipcio del Liverpool, Mohamed Salah ante su antiguo equipo.<\/span><\/p>\n<p><span style=\"color: #000000;\">Los ganadores de ambas eliminatorias se ver\u00e1n las caras en la final de Kiev (Ucrania) el 26 de mayo.<\/span><\/p>\n<p><img fetchpriority=\"high\" decoding=\"async\" class=\"aligncenter size-full wp-image-25055\" src=\"http:\/\/elinformanteperu.com\/wp-content\/uploads\/2018\/04\/bayern3.jpg\" alt=\"\" width=\"1800\" height=\"1099\" srcset=\"https:\/\/elinformanteperu.com\/wp-content\/uploads\/2018\/04\/bayern3.jpg 1800w, https:\/\/elinformanteperu.com\/wp-content\/uploads\/2018\/04\/bayern3-300x183.jpg 300w, https:\/\/elinformanteperu.com\/wp-content\/uploads\/2018\/04\/bayern3-768x469.jpg 768w, https:\/\/elinformanteperu.com\/wp-content\/uploads\/2018\/04\/bayern3-1024x625.jpg 1024w, https:\/\/elinformanteperu.com\/wp-content\/uploads\/2018\/04\/bayern3-128x78.jpg 128w, https:\/\/elinformanteperu.com\/wp-content\/uploads\/2018\/04\/bayern3-32x20.jpg 32w\" sizes=\"(max-width: 1800px) 100vw, 1800px\" \/><\/p>\n","protected":false},"excerpt":{"rendered":"<p>Bayern M\u00fanich y Real Madrid disputar\u00e1n una final anticipada en semifinales de la Liga de Campeones, mientras que Liverpool y AS Roma se enfrentar\u00e1n en la otra eliminatoria. Nyon, 14 de Abril 2018, (ANDINA).- Bayern M\u00fanich y Real Madrid disputar\u00e1n una final anticipada en semifinales de la Liga de Campeones, mientras que Liverpool y AS [&hellip;]<\/p>\n","protected":false},"author":1,"featured_media":25054,"comment_status":"open","ping_status":"open","sticky":false,"template":"","format":"standard","meta":{"rop_custom_images_group":[],"rop_custom_messages_group":[],"rop_publish_now":"initial","rop_publish_now_accounts":[],"rop_publish_now_history":[],"rop_publish_now_status":"pending","footnotes":""},"categories":[8],"tags":[1379,2783,423],"class_list":["post-25051","post","type-post","status-publish","format-standard","has-post-thumbnail","hentry","category-disciplinas-deportivas","tag-bayern-de-munich","tag-liga-de-campeones-2018","tag-real-madrid"],"_links":{"self":[{"href":"https:\/\/elinformanteperu.com\/index.php\/wp-json\/wp\/v2\/posts\/25051","targetHints":{"allow":["GET"]}}],"collection":[{"href":"https:\/\/elinformanteperu.com\/index.php\/wp-json\/wp\/v2\/posts"}],"about":[{"href":"https:\/\/elinformanteperu.com\/index.php\/wp-json\/wp\/v2\/types\/post"}],"author":[{"embeddable":true,"href":"https:\/\/elinformanteperu.com\/index.php\/wp-json\/wp\/v2\/users\/1"}],"replies":[{"embeddable":true,"href":"https:\/\/elinformanteperu.com\/index.php\/wp-json\/wp\/v2\/comments?post=25051"}],"version-history":[{"count":2,"href":"https:\/\/elinformanteperu.com\/index.php\/wp-json\/wp\/v2\/posts\/25051\/revisions"}],"predecessor-version":[{"id":25056,"href":"https:\/\/elinformanteperu.com\/index.php\/wp-json\/wp\/v2\/posts\/25051\/revisions\/25056"}],"wp:featuredmedia":[{"embeddable":true,"href":"https:\/\/elinformanteperu.com\/index.php\/wp-json\/wp\/v2\/media\/25054"}],"wp:attachment":[{"href":"https:\/\/elinformanteperu.com\/index.php\/wp-json\/wp\/v2\/media?parent=25051"}],"wp:term":[{"taxonomy":"category","embeddable":true,"href":"https:\/\/elinformanteperu.com\/index.php\/wp-json\/wp\/v2\/categories?post=25051"},{"taxonomy":"post_tag","embeddable":true,"href":"https:\/\/elinformanteperu.com\/index.php\/wp-json\/wp\/v2\/tags?post=25051"}],"curies":[{"name":"wp","href":"https:\/\/api.w.org\/{rel}","templated":true}]}}