{"id":25039,"date":"2018-04-15T14:34:42","date_gmt":"2018-04-15T19:34:42","guid":{"rendered":"http:\/\/elinformanteperu.com\/?p=25039"},"modified":"2018-04-15T14:34:42","modified_gmt":"2018-04-15T19:34:42","slug":"murio-aclamado-cineasta-milos-forman-director-de-amadeus","status":"publish","type":"post","link":"https:\/\/elinformanteperu.com\/index.php\/2018\/04\/15\/murio-aclamado-cineasta-milos-forman-director-de-amadeus\/","title":{"rendered":"Muri\u00f3 aclamado cineasta Milos Forman, director de Amadeus"},"content":{"rendered":"<p><strong><span style=\"color: #000000;\">El cineasta de origen checo Milos Forman, uno de los m\u00e1s aclamados directores de su generaci\u00f3n, falleci\u00f3 a los 86 a\u00f1os de edad luego de una corta enfermedad.<\/span><\/strong><\/p>\n<p><span style=\"color: #000000;\"><strong>Los \u00c1ngeles, 14 de Abril 2018, (PL).-<\/strong> El cineasta de origen checo Milos Forman, uno de los m\u00e1s aclamados directores de su generaci\u00f3n, falleci\u00f3 a los 86 a\u00f1os de edad luego de una corta enfermedad, inform\u00f3 su familia.<\/span><\/p>\n<p><span style=\"color: #000000;\">El realizador, nacionalizado estadounidense, gan\u00f3 en dos ocasiones el Oscar, m\u00e1ximo galard\u00f3n de la academia de cine de este pa\u00eds, por las pel\u00edculas Alguien vol\u00f3 sobre el nido del cuco (1975) y Amadeus (1984), esta \u00faltima sobre el legendario compositor austr\u00edaco Wolfgang Amadeus Mozart.<\/span><\/p>\n<p><span style=\"color: #000000;\">Considerada una obra de culto, Amadeus conquist\u00f3 40 premios, entre ellos ocho Oscar, cuatro British Academy Film Awards y cuatro Globos de Oro, mientras el American Film Institute situ\u00f3 el filme en el n\u00famero 53 de su lista de las 100 pel\u00edculas m\u00e1s representativas del cine estadounidense.<\/span><\/p>\n<p><span style=\"color: #000000;\">Forman tambi\u00e9n dirigi\u00f3 otros aclamados largometrajes como el musical Hair (1979), Valmont (1989), El esc\u00e1ndalo de Larry Flynt (1996), El lun\u00e1tico (1999), y Los fantasmas de Goya (2006), entre varios.<\/span><\/p>\n<p><span style=\"color: #000000;\">Numerosos premios en festivales de todo el mundo distinguen la carrera del cineasta que acaba de fallecer en la ciudad de Danbury, en el estado de Connecticut, rodeado de familiares y amigos.<\/span><\/p>\n<p><iframe src=\"https:\/\/www.youtube-nocookie.com\/embed\/3qikgX4rlG4?rel=0&amp;controls=0&amp;showinfo=0\" width=\"560\" height=\"315\" frameborder=\"0\" allowfullscreen=\"allowfullscreen\"><\/iframe><\/p>\n","protected":false},"excerpt":{"rendered":"<p>El cineasta de origen checo Milos Forman, uno de los m\u00e1s aclamados directores de su generaci\u00f3n, falleci\u00f3 a los 86 a\u00f1os de edad luego de una corta enfermedad. Los \u00c1ngeles, 14 de Abril 2018, (PL).- El cineasta de origen checo Milos Forman, uno de los m\u00e1s aclamados directores de su generaci\u00f3n, falleci\u00f3 a los 86 [&hellip;]<\/p>\n","protected":false},"author":1,"featured_media":25041,"comment_status":"open","ping_status":"open","sticky":false,"template":"","format":"standard","meta":{"rop_custom_images_group":[],"rop_custom_messages_group":[],"rop_publish_now":"initial","rop_publish_now_accounts":[],"rop_publish_now_history":[],"rop_publish_now_status":"pending","footnotes":""},"categories":[7],"tags":[488,2991],"class_list":["post-25039","post","type-post","status-publish","format-standard","has-post-thumbnail","hentry","category-butaca","tag-cine","tag-milos-forman"],"_links":{"self":[{"href":"https:\/\/elinformanteperu.com\/index.php\/wp-json\/wp\/v2\/posts\/25039","targetHints":{"allow":["GET"]}}],"collection":[{"href":"https:\/\/elinformanteperu.com\/index.php\/wp-json\/wp\/v2\/posts"}],"about":[{"href":"https:\/\/elinformanteperu.com\/index.php\/wp-json\/wp\/v2\/types\/post"}],"author":[{"embeddable":true,"href":"https:\/\/elinformanteperu.com\/index.php\/wp-json\/wp\/v2\/users\/1"}],"replies":[{"embeddable":true,"href":"https:\/\/elinformanteperu.com\/index.php\/wp-json\/wp\/v2\/comments?post=25039"}],"version-history":[{"count":1,"href":"https:\/\/elinformanteperu.com\/index.php\/wp-json\/wp\/v2\/posts\/25039\/revisions"}],"predecessor-version":[{"id":25042,"href":"https:\/\/elinformanteperu.com\/index.php\/wp-json\/wp\/v2\/posts\/25039\/revisions\/25042"}],"wp:featuredmedia":[{"embeddable":true,"href":"https:\/\/elinformanteperu.com\/index.php\/wp-json\/wp\/v2\/media\/25041"}],"wp:attachment":[{"href":"https:\/\/elinformanteperu.com\/index.php\/wp-json\/wp\/v2\/media?parent=25039"}],"wp:term":[{"taxonomy":"category","embeddable":true,"href":"https:\/\/elinformanteperu.com\/index.php\/wp-json\/wp\/v2\/categories?post=25039"},{"taxonomy":"post_tag","embeddable":true,"href":"https:\/\/elinformanteperu.com\/index.php\/wp-json\/wp\/v2\/tags?post=25039"}],"curies":[{"name":"wp","href":"https:\/\/api.w.org\/{rel}","templated":true}]}}