{"id":24955,"date":"2018-04-13T20:13:10","date_gmt":"2018-04-14T01:13:10","guid":{"rendered":"http:\/\/elinformanteperu.com\/?p=24955"},"modified":"2018-04-13T20:13:10","modified_gmt":"2018-04-14T01:13:10","slug":"karol-sevilla-por-soy-luna-creo-que-ha-valido-la-pena-el-sacrificio","status":"publish","type":"post","link":"https:\/\/elinformanteperu.com\/index.php\/2018\/04\/13\/karol-sevilla-por-soy-luna-creo-que-ha-valido-la-pena-el-sacrificio\/","title":{"rendered":"Karol Sevilla por \u00abSoy Luna\u00bb: \u00abCreo que ha valido la pena el sacrificio\u00bb"},"content":{"rendered":"<p><strong><span style=\"color: #000000;\">\u00abSoy Luna\u00bb es la serie que ha permitido que la actriz mexicana Karol Sevilla tenga un lugar en las preferencias de los ni\u00f1os y j\u00f3venes de esta d\u00e9cada, algo que le ha significado ser muy popular.<\/span><\/strong><\/p>\n<p><span style=\"color: #000000;\"><strong>Lima, 13 de Abril 2018, (ANDINA).-<\/strong> \u00abSoy Luna\u00bb es la serie que ha permitido que la actriz mexicana Karol Sevilla tenga un lugar en las preferencias de los ni\u00f1os y j\u00f3venes de esta d\u00e9cada, algo que para ella no solo ha sido un reto, sino que le ha significado dejar atr\u00e1s su vida en el pa\u00eds azteca para ir de gira por todo el mundo y radicar en Argentina.<\/span><\/p>\n<p><span style=\"color: #000000;\">\u201cCada temporada ha habido un crecimiento muy grande de mi personaje, no de altura, sino de forma histri\u00f3nica\u00bb, expresa la actriz, quien arrib\u00f3 a Lima el a\u00f1o pasado con lleno total en su espect\u00e1culo y firma de aut\u00f3grafos.<\/span><\/p>\n<p><span style=\"color: #000000;\">La actuaci\u00f3n en la serie le ha permitido a Karol no solo crecer como actriz, sino proponer a su personaje para que adquiera matices que van m\u00e1s all\u00e1 de lo que la historia plantea en un inicio. \u00abPorque as\u00ed no te quedas con un personaje solo de escritorio, sino tambi\u00e9n real, cre\u00edble\u00bb, expresa.<\/span><\/p>\n<p><span style=\"color: #000000;\">\u201cHa sido la mejor escuela, la mejor experiencia, el mejor trabajo. He apostado todo por mi papel en &#8216;Soy Luna&#8217; y creo que ha valido la pena el sacrificio. Cambi\u00e9 de casa de Ciudad de M\u00e9xico a Buenos Aires, tuve que hacer nuevos amigos, me adapt\u00e9, ha sido un crecimiento que me ha hecho madurar\u201d, se\u00f1ala Sevilla.<\/span><\/p>\n<p><span style=\"color: #000000;\">La nueva temporada de \u00abSoy Luna\u00bb se estrenar\u00e1 el 16 de abril a las 19:00 horas, en Disney Channel.<\/span><\/p>\n<p><span style=\"color: #000000;\">Karol acaba de lanzar, el pasado 6 de abril, \u00abModo Amar\u201d, su \u00e1lbum de 19 canciones, tanto en tiendas digitales, plataformas de \u00abstreaming\u00bb y tiendas de discos.<\/span><\/p>\n<p><span style=\"color: #000000;\">Los temas de esta producci\u00f3n se podr\u00e1n escuchar en la nueva temporada de la serie.<\/span><\/p>\n<p><span style=\"color: #000000;\">Ahora el elenco est\u00e1 abocado a la serie, tras recorrer 37 ciudades de Europa presentando 49 funciones del espect\u00e1culo \u00abSoy Luna Live\u00bb. Esta gira concluy\u00f3 el \u00faltimo lunes 9 de abril, en el Palais 12 de Bruselas.<\/span><\/p>\n<p><span style=\"color: #000000;\">El espect\u00e1culo fue presenciado por 264,000 espectadores.<\/span><\/p>\n<p><iframe src=\"https:\/\/www.youtube-nocookie.com\/embed\/fyLgqwoDQWA?rel=0&amp;controls=0&amp;showinfo=0\" width=\"560\" height=\"315\" frameborder=\"0\" allowfullscreen=\"allowfullscreen\"><\/iframe><\/p>\n","protected":false},"excerpt":{"rendered":"<p>\u00abSoy Luna\u00bb es la serie que ha permitido que la actriz mexicana Karol Sevilla tenga un lugar en las preferencias de los ni\u00f1os y j\u00f3venes de esta d\u00e9cada, algo que le ha significado ser muy popular. Lima, 13 de Abril 2018, (ANDINA).- \u00abSoy Luna\u00bb es la serie que ha permitido que la actriz mexicana Karol [&hellip;]<\/p>\n","protected":false},"author":1,"featured_media":24957,"comment_status":"open","ping_status":"open","sticky":false,"template":"","format":"standard","meta":{"rop_custom_images_group":[],"rop_custom_messages_group":[],"rop_publish_now":"initial","rop_publish_now_accounts":[],"rop_publish_now_history":[],"rop_publish_now_status":"pending","footnotes":""},"categories":[70],"tags":[721,722],"class_list":["post-24955","post","type-post","status-publish","format-standard","has-post-thumbnail","hentry","category-farandula","tag-karol-sevilla","tag-soy-luna"],"_links":{"self":[{"href":"https:\/\/elinformanteperu.com\/index.php\/wp-json\/wp\/v2\/posts\/24955","targetHints":{"allow":["GET"]}}],"collection":[{"href":"https:\/\/elinformanteperu.com\/index.php\/wp-json\/wp\/v2\/posts"}],"about":[{"href":"https:\/\/elinformanteperu.com\/index.php\/wp-json\/wp\/v2\/types\/post"}],"author":[{"embeddable":true,"href":"https:\/\/elinformanteperu.com\/index.php\/wp-json\/wp\/v2\/users\/1"}],"replies":[{"embeddable":true,"href":"https:\/\/elinformanteperu.com\/index.php\/wp-json\/wp\/v2\/comments?post=24955"}],"version-history":[{"count":1,"href":"https:\/\/elinformanteperu.com\/index.php\/wp-json\/wp\/v2\/posts\/24955\/revisions"}],"predecessor-version":[{"id":24958,"href":"https:\/\/elinformanteperu.com\/index.php\/wp-json\/wp\/v2\/posts\/24955\/revisions\/24958"}],"wp:featuredmedia":[{"embeddable":true,"href":"https:\/\/elinformanteperu.com\/index.php\/wp-json\/wp\/v2\/media\/24957"}],"wp:attachment":[{"href":"https:\/\/elinformanteperu.com\/index.php\/wp-json\/wp\/v2\/media?parent=24955"}],"wp:term":[{"taxonomy":"category","embeddable":true,"href":"https:\/\/elinformanteperu.com\/index.php\/wp-json\/wp\/v2\/categories?post=24955"},{"taxonomy":"post_tag","embeddable":true,"href":"https:\/\/elinformanteperu.com\/index.php\/wp-json\/wp\/v2\/tags?post=24955"}],"curies":[{"name":"wp","href":"https:\/\/api.w.org\/{rel}","templated":true}]}}