{"id":24948,"date":"2018-04-13T00:55:37","date_gmt":"2018-04-13T05:55:37","guid":{"rendered":"http:\/\/elinformanteperu.com\/?p=24948"},"modified":"2018-04-13T01:09:46","modified_gmt":"2018-04-13T06:09:46","slug":"la-visita-de-bolivar-hombres-en-pugna-se-estrena-en-lima","status":"publish","type":"post","link":"https:\/\/elinformanteperu.com\/index.php\/2018\/04\/13\/la-visita-de-bolivar-hombres-en-pugna-se-estrena-en-lima\/","title":{"rendered":"La Visita de Bol\u00edvar: Hombres en Pugna se estrena en Lima"},"content":{"rendered":"<p><span style=\"color: #000000;\"><strong>\u201cLa Visita de Bol\u00edvar\u201d, primera obra de teatro peruana que renueva la discusi\u00f3n sobre Sim\u00f3n Bol\u00edvar y la independencia del Per\u00fa, se estrenar\u00e1 el 26 de abril.<\/strong><\/span><\/p>\n<p><span style=\"color: #000000;\"><strong>Lima, 12 de Abril 2018, &#8211; (El Informante Per\u00fa).-<\/strong> \u201cLa Visita de Bol\u00edvar\u201d, primera obra de teatro peruana que renueva la discusi\u00f3n sobre Sim\u00f3n Bol\u00edvar y la independencia del Per\u00fa, en tiempos cercanos a la conmemoraci\u00f3n del Bicentenario, se estrenar\u00e1 el 26 de abril bajo la direcci\u00f3n de la prestigiada directora Ruth Escudero, en el Teatro Federico Garc\u00eda Lorca del Centro Espa\u00f1ol del Per\u00fa, con la participaci\u00f3n de tres grandes actores de la escena nacional: Mario Vel\u00e1squez, Cristhian Esquivel y Enrique Avil\u00e9s.<\/span><\/p>\n<p><span style=\"color: #000000;\">Escrita por el premiado autor peruano-espa\u00f1ol Herbert Morote y basada en documentos hist\u00f3ricos, sucede en 1825 en un ambiente de ficci\u00f3n \u00e1gil, misterioso y divertido, demostrando que los asuntos m\u00e1s serios pueden ser tratados con humor.<\/span><\/p>\n<p><span style=\"color: #000000;\">La obra transcurre en el coqueto departamento de Bernardo Monteagudo, una noche en la que espera a Manuelita S\u00e1enz y lo sorprende la llegada imprevista del Libertador. El p\u00fablico podr\u00e1 asistir al enfrentamiento de estos dos estrategas, que se debaten en un agudo intercambio de ideas, coincidencias y discrepancias; en un duelo verbal que invita a revisar la historia y acercarnos a los dos h\u00e9roes en un plano m\u00e1s humano.<\/span><\/p>\n<p><span style=\"color: #000000;\"><img fetchpriority=\"high\" decoding=\"async\" class=\"aligncenter size-full wp-image-24951\" src=\"http:\/\/elinformanteperu.com\/wp-content\/uploads\/2018\/04\/bolivar-teatro1.jpg\" alt=\"\" width=\"800\" height=\"533\" srcset=\"https:\/\/elinformanteperu.com\/wp-content\/uploads\/2018\/04\/bolivar-teatro1.jpg 800w, https:\/\/elinformanteperu.com\/wp-content\/uploads\/2018\/04\/bolivar-teatro1-300x200.jpg 300w, https:\/\/elinformanteperu.com\/wp-content\/uploads\/2018\/04\/bolivar-teatro1-768x512.jpg 768w, https:\/\/elinformanteperu.com\/wp-content\/uploads\/2018\/04\/bolivar-teatro1-128x85.jpg 128w, https:\/\/elinformanteperu.com\/wp-content\/uploads\/2018\/04\/bolivar-teatro1-32x21.jpg 32w\" sizes=\"(max-width: 800px) 100vw, 800px\" \/><\/span><\/p>\n<p><span style=\"color: #000000;\">Mario Vel\u00e1squez como Bol\u00edvar, se transforma en el personaje hist\u00f3rico de carne y hueso, mostrando la otra cara del Libertador; muy lejana de la imagen id\u00edlica del h\u00e9roe de las estatuas. Bol\u00edvar, el genio de la guerra, el pol\u00edtico ambicioso y endiosado, se muestra tambi\u00e9n con sus debilidades, sue\u00f1os de grandeza y delirios de amor y poder.<\/span><\/p>\n<p><span style=\"color: #000000;\">Cristhian Esquivel, es Bernardo Monteagudo, abogado, periodista y revolucionario argentino; ex primer ministro de San Mart\u00edn convertido en asesor del Libertador. Defensor de causas p\u00e9rdidas y receloso de dictaduras, vive al borde del abismo al desafiar a Bol\u00edvar. Hay un tercer personaje que se da cuenta de todo pese a su aparente ingenuidad y que interviene con humor en momentos de gran tensi\u00f3n. Es el p\u00edcaro y chispeante Lucero, interpretado por Enrique Avil\u00e9s, un ex esclavo formado en arist\u00f3cratas salones lime\u00f1os que ejerce de refinado mayordomo, valet y cocinero de Monteagudo.<\/span><\/p>\n<p><span style=\"color: #000000;\">En la discusi\u00f3n, Bol\u00edvar toca desde asuntos personales, como la formaci\u00f3n intelectual de Manuelita o la mala reputaci\u00f3n de Monteagudo y sus romances, hasta otros temas muy serios como la creaci\u00f3n de Bolivia o la Constituci\u00f3n Bolivariana que lo nombrar\u00eda presidente vitalicio. Las consecuencias de este enfrentamiento son impredecibles, Bol\u00edvar es implacable, no tiene piedad con sus enemigos. La tragedia se avecina.<\/span><\/p>\n<p><span style=\"color: #000000;\">La obra trae al presente a estos personajes claves de la historia, propiciando otras miradas acerca del nacimiento de la naci\u00f3n a trav\u00e9s de la verdad del h\u00e9roe. Basada en el libro \u201cBol\u00edvar Libertador y enemigo N\u00ba 1 del Per\u00fa\u201d del mismo autor, es tambi\u00e9n una invitaci\u00f3n a reflexionar sobre nuestra identidad, camino a la conmemoraci\u00f3n del Bicentenario.<\/span><\/p>\n<p><span style=\"color: #000000;\">La temporada va del 26 de abril al 3 de junio, en funciones de jueves a domingo a las 8 pm en el Teatro Federico Garc\u00eda Lorca &#8211; Centro Espa\u00f1ol del Per\u00fa, ubicado en la Av. Salaverry 1910 Jes\u00fas Mar\u00eda.<\/span><\/p>\n<p><span style=\"color: #000000;\"><img decoding=\"async\" class=\"aligncenter wp-image-24952\" src=\"http:\/\/elinformanteperu.com\/wp-content\/uploads\/2018\/04\/bolivar-teatro2.jpg\" alt=\"\" width=\"375\" height=\"530\" srcset=\"https:\/\/elinformanteperu.com\/wp-content\/uploads\/2018\/04\/bolivar-teatro2.jpg 1754w, https:\/\/elinformanteperu.com\/wp-content\/uploads\/2018\/04\/bolivar-teatro2-212x300.jpg 212w, https:\/\/elinformanteperu.com\/wp-content\/uploads\/2018\/04\/bolivar-teatro2-768x1086.jpg 768w, https:\/\/elinformanteperu.com\/wp-content\/uploads\/2018\/04\/bolivar-teatro2-724x1024.jpg 724w, https:\/\/elinformanteperu.com\/wp-content\/uploads\/2018\/04\/bolivar-teatro2-91x128.jpg 91w, https:\/\/elinformanteperu.com\/wp-content\/uploads\/2018\/04\/bolivar-teatro2-23x32.jpg 23w\" sizes=\"(max-width: 375px) 100vw, 375px\" \/><\/span><\/p>\n","protected":false},"excerpt":{"rendered":"<p>\u201cLa Visita de Bol\u00edvar\u201d, primera obra de teatro peruana que renueva la discusi\u00f3n sobre Sim\u00f3n Bol\u00edvar y la independencia del Per\u00fa, se estrenar\u00e1 el 26 de abril. Lima, 12 de Abril 2018, &#8211; (El Informante Per\u00fa).- \u201cLa Visita de Bol\u00edvar\u201d, primera obra de teatro peruana que renueva la discusi\u00f3n sobre Sim\u00f3n Bol\u00edvar y la independencia [&hellip;]<\/p>\n","protected":false},"author":1,"featured_media":24950,"comment_status":"open","ping_status":"open","sticky":false,"template":"","format":"standard","meta":{"rop_custom_images_group":[],"rop_custom_messages_group":[],"rop_publish_now":"initial","rop_publish_now_accounts":[],"rop_publish_now_history":[],"rop_publish_now_status":"pending","footnotes":""},"categories":[70],"tags":[2975,1625],"class_list":["post-24948","post","type-post","status-publish","format-standard","has-post-thumbnail","hentry","category-farandula","tag-la-visita-de-bolivar","tag-teatro"],"_links":{"self":[{"href":"https:\/\/elinformanteperu.com\/index.php\/wp-json\/wp\/v2\/posts\/24948","targetHints":{"allow":["GET"]}}],"collection":[{"href":"https:\/\/elinformanteperu.com\/index.php\/wp-json\/wp\/v2\/posts"}],"about":[{"href":"https:\/\/elinformanteperu.com\/index.php\/wp-json\/wp\/v2\/types\/post"}],"author":[{"embeddable":true,"href":"https:\/\/elinformanteperu.com\/index.php\/wp-json\/wp\/v2\/users\/1"}],"replies":[{"embeddable":true,"href":"https:\/\/elinformanteperu.com\/index.php\/wp-json\/wp\/v2\/comments?post=24948"}],"version-history":[{"count":2,"href":"https:\/\/elinformanteperu.com\/index.php\/wp-json\/wp\/v2\/posts\/24948\/revisions"}],"predecessor-version":[{"id":24954,"href":"https:\/\/elinformanteperu.com\/index.php\/wp-json\/wp\/v2\/posts\/24948\/revisions\/24954"}],"wp:featuredmedia":[{"embeddable":true,"href":"https:\/\/elinformanteperu.com\/index.php\/wp-json\/wp\/v2\/media\/24950"}],"wp:attachment":[{"href":"https:\/\/elinformanteperu.com\/index.php\/wp-json\/wp\/v2\/media?parent=24948"}],"wp:term":[{"taxonomy":"category","embeddable":true,"href":"https:\/\/elinformanteperu.com\/index.php\/wp-json\/wp\/v2\/categories?post=24948"},{"taxonomy":"post_tag","embeddable":true,"href":"https:\/\/elinformanteperu.com\/index.php\/wp-json\/wp\/v2\/tags?post=24948"}],"curies":[{"name":"wp","href":"https:\/\/api.w.org\/{rel}","templated":true}]}}