{"id":24937,"date":"2018-04-13T00:34:16","date_gmt":"2018-04-13T05:34:16","guid":{"rendered":"http:\/\/elinformanteperu.com\/?p=24937"},"modified":"2018-04-13T00:34:39","modified_gmt":"2018-04-13T05:34:39","slug":"buffon-el-arbitro-tiene-una-bolsa-de-basura-en-lugar-de-corazon","status":"publish","type":"post","link":"https:\/\/elinformanteperu.com\/index.php\/2018\/04\/13\/buffon-el-arbitro-tiene-una-bolsa-de-basura-en-lugar-de-corazon\/","title":{"rendered":"Buffon: el \u00e1rbitro \u00abtiene una bolsa de basura en lugar de coraz\u00f3n\u00bb"},"content":{"rendered":"<p><strong><span style=\"color: #000000;\">El m\u00edtico portero de la Juventus, Gianluigi Buffon, critic\u00f3 con dureza al \u00e1rbitro ingl\u00e9s Michael Oliver por se\u00f1alar un penal en el descuento.<\/span><\/strong><\/p>\n<p><span style=\"color: #000000;\"><strong>Madrid, 12 de Abril 2018, (ANDINA).-<\/strong> El m\u00edtico portero de la Juventus, Gianluigi Buffon, critic\u00f3 con dureza al \u00e1rbitro ingl\u00e9s Michael Oliver por se\u00f1alar un penal en el descuento que dio el pase a semifinales al Real Madrid: \u00abTiene una bolsa de basura en lugar de coraz\u00f3n\u00bb.<\/span><\/p>\n<p><span style=\"color: #000000;\">Despu\u00e9s de que la Juventus igualara la eliminatoria (marcando tres goles en el Bernab\u00e9u ante un Real Madrid que hab\u00eda ganado 3-0 en Tur\u00edn), el colegiado se\u00f1al\u00f3 un penal de Medhi Benatia a Lucas V\u00e1zquez que transform\u00f3 Cristiano Ronaldo para dar la clasificaci\u00f3n a su equipo en el descuento (90+8).<\/span><\/p>\n<p><span style=\"color: #000000;\">\u00abEstoy muy orgulloso de tener los compa\u00f1eros que tengo\u00bb, comenz\u00f3 diciendo al canal \u00abBein Sports\u00bb Buffon, que fue expulsado por protestar ante el \u00e1rbitro.<\/span><\/p>\n<p><span style=\"color: #000000;\">\u00abHab\u00edamos hecho algo que parec\u00eda imposible e irreal. Una pena que acabara as\u00ed, no ha sido justo\u00bb, continu\u00f3.<\/span><\/p>\n<p><span style=\"color: #000000;\">Sobre la jugada del penal, Buffon, que probablemente jug\u00f3 su \u00faltimo partido europeo, explic\u00f3: \u00abEl \u00e1rbitro ha pitado una falta que solo \u00e9l ha visto\u00bb.<\/span><\/p>\n<p><span style=\"color: #000000;\">\u00abPara tener grandes partidos a nivel europeo hacen falta grandes actores: jugadores, entrenadores, aficionados&#8230; y \u00e1rbitros. Hay que tener una cierta sensibilidad para entender que en ciertos momentos si no tienes esta sensibilidad sobre lo que pasa en el terreno de juego es que no eres digno de estar en una cancha\u00bb, critic\u00f3.<\/span><\/p>\n<p><span style=\"color: #000000;\">\u00abEn ese caso, lo mejor es que te quedes en la tribuna con tus padres, tus amigos, con unas patatas fritas y una coca-cola mirando el partido\u00bb.<\/span><\/p>\n<p><span style=\"color: #000000;\">\u00abNo se puede hacer algo as\u00ed\u00bb, continu\u00f3 el portero, que a la televisi\u00f3n italiana declar\u00f3 que el \u00e1rbitro ten\u00eda \u00abuna bolsa de basura en lugar de coraz\u00f3n\u00bb.<\/span><\/p>\n<p><span style=\"color: #000000;\">El autor del supuesto penal, el marroqu\u00ed Benatia, record\u00f3: \u00abEl a\u00f1o pasado le ocurri\u00f3 al Bayern, este a\u00f1o a nosotros. No creo que el Real Madrid necesite de estas cosas\u00bb, en referencia a las semifinales de la temporada pasada, en que el chileno Arturo Vidal fue expulsado en el partido contra el Real Madrid.<\/span><\/p>\n<p><span style=\"color: #000000;\">\u00abMe parece absurdo pitar un penal como este en el \u00faltimo minuto. He tocado el bal\u00f3n con el pie izquierdo, le rebota el bal\u00f3n en el pecho y todo lo que pod\u00eda hacer era caerse\u00bb, a\u00f1adi\u00f3 sobre la jugada.<\/span><\/p>\n<p><strong><span style=\"color: #000000;\">Agnelli pide el VAR<\/span><\/strong><\/p>\n<p><img fetchpriority=\"high\" decoding=\"async\" class=\"aligncenter size-full wp-image-24940\" src=\"http:\/\/elinformanteperu.com\/wp-content\/uploads\/2018\/04\/Buffon1.jpg\" alt=\"\" width=\"1800\" height=\"1485\" srcset=\"https:\/\/elinformanteperu.com\/wp-content\/uploads\/2018\/04\/Buffon1.jpg 1800w, https:\/\/elinformanteperu.com\/wp-content\/uploads\/2018\/04\/Buffon1-300x248.jpg 300w, https:\/\/elinformanteperu.com\/wp-content\/uploads\/2018\/04\/Buffon1-768x634.jpg 768w, https:\/\/elinformanteperu.com\/wp-content\/uploads\/2018\/04\/Buffon1-1024x845.jpg 1024w, https:\/\/elinformanteperu.com\/wp-content\/uploads\/2018\/04\/Buffon1-128x106.jpg 128w, https:\/\/elinformanteperu.com\/wp-content\/uploads\/2018\/04\/Buffon1-32x26.jpg 32w\" sizes=\"(max-width: 1800px) 100vw, 1800px\" \/><\/p>\n<p><span style=\"color: #000000;\">El presidente del club italiano, Andrea Agnelli, reclam\u00f3 por su parte la introducci\u00f3n del videoarbitraje (VAR): \u00abVarios pa\u00edses han puesto en marcha el VAR. El sistema tiene que introducirse en Europa. Los \u00e1rbitros de fondo no sirven para nada, hay que quitarlos y sustituirlos por el VAR\u00bb.<\/span><\/p>\n<p><span style=\"color: #000000;\">Pese a que la FIFA ya ha dado el visto bueno a la implantaci\u00f3n del videoarbitraje y se utilizar\u00e1 en el Mundial de Rusia 2018, la UEFA no es tan receptiva a este sistema.<\/span><\/p>\n<p><span style=\"color: #000000;\">\u00abEl \u00e1rbitro no ha sabido controlar la situaci\u00f3n. En el penal se ha equivocado y en la expulsi\u00f3n ha estado excesivo\u00bb, continu\u00f3 Agnelli, que la tom\u00f3 sobre todo con su compatriota Pierluigi Collina, responsable de los \u00e1rbitros en la UEFA.<\/span><\/p>\n<p><span style=\"color: #000000;\">\u00abLa vanidad del &#8216;designador&#8217; acaba perjudicando indirectamente a los equipos italianos. Estas designaciones acaban siendo hechas para demostrar su imparcialidad\u00bb, a\u00f1adi\u00f3.<\/span><\/p>\n<p><img decoding=\"async\" class=\"aligncenter size-full wp-image-24941\" src=\"http:\/\/elinformanteperu.com\/wp-content\/uploads\/2018\/04\/Buffon2.jpg\" alt=\"\" width=\"1800\" height=\"1200\" srcset=\"https:\/\/elinformanteperu.com\/wp-content\/uploads\/2018\/04\/Buffon2.jpg 1800w, https:\/\/elinformanteperu.com\/wp-content\/uploads\/2018\/04\/Buffon2-300x200.jpg 300w, https:\/\/elinformanteperu.com\/wp-content\/uploads\/2018\/04\/Buffon2-768x512.jpg 768w, https:\/\/elinformanteperu.com\/wp-content\/uploads\/2018\/04\/Buffon2-1024x683.jpg 1024w, https:\/\/elinformanteperu.com\/wp-content\/uploads\/2018\/04\/Buffon2-128x85.jpg 128w, https:\/\/elinformanteperu.com\/wp-content\/uploads\/2018\/04\/Buffon2-32x21.jpg 32w\" sizes=\"(max-width: 1800px) 100vw, 1800px\" \/><\/p>\n","protected":false},"excerpt":{"rendered":"<p>El m\u00edtico portero de la Juventus, Gianluigi Buffon, critic\u00f3 con dureza al \u00e1rbitro ingl\u00e9s Michael Oliver por se\u00f1alar un penal en el descuento. Madrid, 12 de Abril 2018, (ANDINA).- El m\u00edtico portero de la Juventus, Gianluigi Buffon, critic\u00f3 con dureza al \u00e1rbitro ingl\u00e9s Michael Oliver por se\u00f1alar un penal en el descuento que dio el [&hellip;]<\/p>\n","protected":false},"author":1,"featured_media":24939,"comment_status":"open","ping_status":"open","sticky":false,"template":"","format":"standard","meta":{"rop_custom_images_group":[],"rop_custom_messages_group":[],"rop_publish_now":"initial","rop_publish_now_accounts":[],"rop_publish_now_history":[],"rop_publish_now_status":"pending","footnotes":""},"categories":[8],"tags":[2424,1417,2691],"class_list":["post-24937","post","type-post","status-publish","format-standard","has-post-thumbnail","hentry","category-disciplinas-deportivas","tag-gianluigi-buffon","tag-juventus","tag-torneo-de-verano-2018"],"_links":{"self":[{"href":"https:\/\/elinformanteperu.com\/index.php\/wp-json\/wp\/v2\/posts\/24937","targetHints":{"allow":["GET"]}}],"collection":[{"href":"https:\/\/elinformanteperu.com\/index.php\/wp-json\/wp\/v2\/posts"}],"about":[{"href":"https:\/\/elinformanteperu.com\/index.php\/wp-json\/wp\/v2\/types\/post"}],"author":[{"embeddable":true,"href":"https:\/\/elinformanteperu.com\/index.php\/wp-json\/wp\/v2\/users\/1"}],"replies":[{"embeddable":true,"href":"https:\/\/elinformanteperu.com\/index.php\/wp-json\/wp\/v2\/comments?post=24937"}],"version-history":[{"count":1,"href":"https:\/\/elinformanteperu.com\/index.php\/wp-json\/wp\/v2\/posts\/24937\/revisions"}],"predecessor-version":[{"id":24942,"href":"https:\/\/elinformanteperu.com\/index.php\/wp-json\/wp\/v2\/posts\/24937\/revisions\/24942"}],"wp:featuredmedia":[{"embeddable":true,"href":"https:\/\/elinformanteperu.com\/index.php\/wp-json\/wp\/v2\/media\/24939"}],"wp:attachment":[{"href":"https:\/\/elinformanteperu.com\/index.php\/wp-json\/wp\/v2\/media?parent=24937"}],"wp:term":[{"taxonomy":"category","embeddable":true,"href":"https:\/\/elinformanteperu.com\/index.php\/wp-json\/wp\/v2\/categories?post=24937"},{"taxonomy":"post_tag","embeddable":true,"href":"https:\/\/elinformanteperu.com\/index.php\/wp-json\/wp\/v2\/tags?post=24937"}],"curies":[{"name":"wp","href":"https:\/\/api.w.org\/{rel}","templated":true}]}}