{"id":24934,"date":"2018-04-13T00:26:45","date_gmt":"2018-04-13T05:26:45","guid":{"rendered":"http:\/\/elinformanteperu.com\/?p=24934"},"modified":"2018-04-13T00:26:45","modified_gmt":"2018-04-13T05:26:45","slug":"peru-mantiene-el-puesto-11-de-la-clasificacion-fifa","status":"publish","type":"post","link":"https:\/\/elinformanteperu.com\/index.php\/2018\/04\/13\/peru-mantiene-el-puesto-11-de-la-clasificacion-fifa\/","title":{"rendered":"Per\u00fa mantiene el puesto 11 de la clasificaci\u00f3n FIFA"},"content":{"rendered":"<p><strong>Alemania conserv\u00f3 el primer puesto de la clasificaci\u00f3n mensual de la FIFA publicada este jueves, delante de Brasil y B\u00e9lgica, que saca a Portugal del podio.<\/strong><\/p>\n<p><strong>Lima, 12 de Abril 2018, (ANDINA).-<\/strong> Alemania conserv\u00f3 el primer puesto de la clasificaci\u00f3n mensual de la FIFA publicada este jueves, delante de Brasil y B\u00e9lgica, que saca a Portugal del podio.<\/p>\n<p>Suiza y Francia ganaron dos plazas para alcanzar respectivamente as sexta y s\u00e9ptima posiciones, en detrimento de Espa\u00f1a, que baja dos lugares, hasta la octava posici\u00f3n.<\/p>\n<p>B\u00e9lgica gan\u00f3 dos plazas para instalarse en el podio, en la tercera plaza, desplazando a Portugal, que precede a Argentina, que tambi\u00e9n cedi\u00f3 una posici\u00f3n.<\/p>\n<p>La m\u00e1s fuerte ca\u00edda la registra Polonia, que pierde cuatro plazas y pasa a la d\u00e9cima posici\u00f3n.<\/p>\n<p>A pocas semanas del inicio del Mundial en Rusia, el gran n\u00famero de partidos disputados en marzo (133) conllev\u00f3 muchos cambios en la clasificaci\u00f3n, con fuertes ascensos de T\u00fanez (14\u00ba, +9 plazas) y Uruguay (17\u00ba, +5).<\/p>\n<p><strong>Clasificaci\u00f3n FIFA del 12 de abril:<\/strong><br \/>\n<strong> 1.<\/strong> Alemania<br \/>\n<strong>2.<\/strong> Brasil<br \/>\n<strong>3.<\/strong> B\u00e9lgica (+2)<br \/>\n<strong>4.<\/strong> Portugal (-1)<br \/>\n<strong>5.<\/strong> Argentina (-1)<br \/>\n<strong>6.<\/strong> Suiza (+2)<br \/>\n<strong>7.<\/strong> Francia (+2)<br \/>\n<strong>8.<\/strong> Espa\u00f1a (-2)<br \/>\n<strong>9.<\/strong> Chile (+1)<br \/>\n<strong>10.<\/strong> Polonia (-4)<br \/>\n<strong>&#8230;<\/strong><br \/>\n<strong> 11.<\/strong> Per\u00fa<br \/>\n<strong>15.<\/strong> M\u00e9xico (+2)<br \/>\n<strong>16.<\/strong> Colombia (-3)<br \/>\n<strong>17.<\/strong> Uruguay (+5)<br \/>\n<strong>24.<\/strong> Estados Unidos (+1)<br \/>\n<strong>25.<\/strong> Costa Rica (+1)<br \/>\n<strong>32.<\/strong> Paraguay (-2)<br \/>\n<strong>39.<\/strong> Venezuela (+9)<br \/>\n<strong>55.<\/strong> Panam\u00e1 (-2)<br \/>\n<strong>57.<\/strong> Bolivia (-10)<br \/>\n<strong>59.<\/strong> Honduras (+5)<br \/>\n<strong>64.<\/strong> Ecuador (+1)<br \/>\n<strong>85.<\/strong> El Salvador (+2)<br \/>\n<strong>136.<\/strong> Nicaragua (-20)<br \/>\n<strong>140.<\/strong> Guatemala (-14)<br \/>\n<strong>149.<\/strong> Rep\u00fablica Dominicana (+14)<br \/>\n<strong>158.<\/strong> Puerto Rico (+8)<br \/>\n<strong>182.<\/strong> Cuba.<\/p>\n<p><img fetchpriority=\"high\" decoding=\"async\" class=\"aligncenter size-full wp-image-22438\" src=\"http:\/\/elinformanteperu.com\/wp-content\/uploads\/2018\/02\/peru-eliminatorias.jpg\" alt=\"\" width=\"1800\" height=\"1212\" srcset=\"https:\/\/elinformanteperu.com\/wp-content\/uploads\/2018\/02\/peru-eliminatorias.jpg 1800w, https:\/\/elinformanteperu.com\/wp-content\/uploads\/2018\/02\/peru-eliminatorias-300x202.jpg 300w, https:\/\/elinformanteperu.com\/wp-content\/uploads\/2018\/02\/peru-eliminatorias-768x517.jpg 768w, https:\/\/elinformanteperu.com\/wp-content\/uploads\/2018\/02\/peru-eliminatorias-1024x689.jpg 1024w, https:\/\/elinformanteperu.com\/wp-content\/uploads\/2018\/02\/peru-eliminatorias-128x86.jpg 128w, https:\/\/elinformanteperu.com\/wp-content\/uploads\/2018\/02\/peru-eliminatorias-32x22.jpg 32w\" sizes=\"(max-width: 1800px) 100vw, 1800px\" \/><\/p>\n","protected":false},"excerpt":{"rendered":"<p>Alemania conserv\u00f3 el primer puesto de la clasificaci\u00f3n mensual de la FIFA publicada este jueves, delante de Brasil y B\u00e9lgica, que saca a Portugal del podio. Lima, 12 de Abril 2018, (ANDINA).- Alemania conserv\u00f3 el primer puesto de la clasificaci\u00f3n mensual de la FIFA publicada este jueves, delante de Brasil y B\u00e9lgica, que saca a [&hellip;]<\/p>\n","protected":false},"author":1,"featured_media":22035,"comment_status":"open","ping_status":"open","sticky":false,"template":"","format":"standard","meta":{"rop_custom_images_group":[],"rop_custom_messages_group":[],"rop_publish_now":"initial","rop_publish_now_accounts":[],"rop_publish_now_history":[],"rop_publish_now_status":"pending","footnotes":""},"categories":[8],"tags":[268,137],"class_list":["post-24934","post","type-post","status-publish","format-standard","has-post-thumbnail","hentry","category-disciplinas-deportivas","tag-fifa","tag-seleccion-peruana"],"_links":{"self":[{"href":"https:\/\/elinformanteperu.com\/index.php\/wp-json\/wp\/v2\/posts\/24934","targetHints":{"allow":["GET"]}}],"collection":[{"href":"https:\/\/elinformanteperu.com\/index.php\/wp-json\/wp\/v2\/posts"}],"about":[{"href":"https:\/\/elinformanteperu.com\/index.php\/wp-json\/wp\/v2\/types\/post"}],"author":[{"embeddable":true,"href":"https:\/\/elinformanteperu.com\/index.php\/wp-json\/wp\/v2\/users\/1"}],"replies":[{"embeddable":true,"href":"https:\/\/elinformanteperu.com\/index.php\/wp-json\/wp\/v2\/comments?post=24934"}],"version-history":[{"count":1,"href":"https:\/\/elinformanteperu.com\/index.php\/wp-json\/wp\/v2\/posts\/24934\/revisions"}],"predecessor-version":[{"id":24936,"href":"https:\/\/elinformanteperu.com\/index.php\/wp-json\/wp\/v2\/posts\/24934\/revisions\/24936"}],"wp:featuredmedia":[{"embeddable":true,"href":"https:\/\/elinformanteperu.com\/index.php\/wp-json\/wp\/v2\/media\/22035"}],"wp:attachment":[{"href":"https:\/\/elinformanteperu.com\/index.php\/wp-json\/wp\/v2\/media?parent=24934"}],"wp:term":[{"taxonomy":"category","embeddable":true,"href":"https:\/\/elinformanteperu.com\/index.php\/wp-json\/wp\/v2\/categories?post=24934"},{"taxonomy":"post_tag","embeddable":true,"href":"https:\/\/elinformanteperu.com\/index.php\/wp-json\/wp\/v2\/tags?post=24934"}],"curies":[{"name":"wp","href":"https:\/\/api.w.org\/{rel}","templated":true}]}}