{"id":24883,"date":"2018-04-11T00:09:36","date_gmt":"2018-04-11T05:09:36","guid":{"rendered":"http:\/\/elinformanteperu.com\/?p=24883"},"modified":"2018-04-11T00:09:36","modified_gmt":"2018-04-11T05:09:36","slug":"presidentes-martin-vizcarra-y-evo-morales-sostendran-reunion-bilateral-en-lima","status":"publish","type":"post","link":"https:\/\/elinformanteperu.com\/index.php\/2018\/04\/11\/presidentes-martin-vizcarra-y-evo-morales-sostendran-reunion-bilateral-en-lima\/","title":{"rendered":"Presidentes Mart\u00edn Vizcarra y Evo Morales sostendr\u00e1n reuni\u00f3n bilateral en Lima"},"content":{"rendered":"<p><strong><span style=\"color: #000000;\">Los presidentes de Per\u00fa, Mart\u00edn Vizcarra, y de Bolivia, Evo Morales; sostendr\u00e1n en Lima una reuni\u00f3n bilateral en el marco de la VIII Cumbre de las Am\u00e9ricas.<\/span><\/strong><\/p>\n<p><span style=\"color: #000000;\"><strong>Lima, 10 de Abril 2018, (ANDINA).-<\/strong> Los presidentes de Per\u00fa, Mart\u00edn Vizcarra, y de Bolivia, Evo Morales; sostendr\u00e1n en Lima una reuni\u00f3n bilateral en el marco de la VIII Cumbre de las Am\u00e9ricas.<\/span><\/p>\n<p><span style=\"color: #000000;\">El mandatario Mart\u00edn Vizcarra, quien confirm\u00f3 el encuentro, precis\u00f3 que la cita se desarrollar\u00e1 a pedido del gobernante boliviano.<\/span><\/p>\n<p><span style=\"color: #000000;\">\u201cHe recibido la llamada del presidente de Bolivia, Evo Morales, quien es uno de los m\u00e1s entusiastas participantes en esta Cumbre de las Am\u00e9ricas e incluso pidi\u00f3, por los canales correspondientes, una reuni\u00f3n bilateral, que vamos a tener\u201d, manifest\u00f3 en conferencia de prensa ofrecida en Palacio de Gobierno junto al canciller N\u00e9stor Popolizio.<\/span><\/p>\n<p><span style=\"color: #000000;\">Vizcarra precis\u00f3 que en dicho encuentro ambos tratar\u00e1n temas de agenda com\u00fan para los dos pa\u00edses.<\/span><\/p>\n<p><span style=\"color: #000000;\">Adem\u00e1s, adelant\u00f3 que mantendr\u00e1 reuniones bilaterales con presidentes y jefes de Gobierno de la regi\u00f3n que intervendr\u00e1n en la cumbre.<\/span><\/p>\n<p><span style=\"color: #000000;\">\u201cAprovechando las circunstancias tendremos una serie de reuniones para analizar temas de inter\u00e9s bilateral\u201d, coment\u00f3.<\/span><\/p>\n<p><span style=\"color: #000000;\">La VIII Cumbre de las Am\u00e9ricas se realizar\u00e1 en la capital peruana el 13 y 14 de abril.<\/span><\/p>\n<p><span style=\"color: #000000;\">La cita interamericana discutir\u00e1 como tema principal la lucha contra la corrupci\u00f3n, un mal que afecta a varios pa\u00edses de la regi\u00f3n.<\/span><\/p>\n<p><span style=\"color: #000000;\">Seg\u00fan inform\u00f3 Vizcarra, participar\u00e1n 33 naciones de 34 que han sido invitadas a la cumbre.<\/span><\/p>\n","protected":false},"excerpt":{"rendered":"<p>Los presidentes de Per\u00fa, Mart\u00edn Vizcarra, y de Bolivia, Evo Morales; sostendr\u00e1n en Lima una reuni\u00f3n bilateral en el marco de la VIII Cumbre de las Am\u00e9ricas. Lima, 10 de Abril 2018, (ANDINA).- Los presidentes de Per\u00fa, Mart\u00edn Vizcarra, y de Bolivia, Evo Morales; sostendr\u00e1n en Lima una reuni\u00f3n bilateral en el marco de la [&hellip;]<\/p>\n","protected":false},"author":1,"featured_media":24885,"comment_status":"open","ping_status":"open","sticky":false,"template":"","format":"standard","meta":{"rop_custom_images_group":[],"rop_custom_messages_group":[],"rop_publish_now":"initial","rop_publish_now_accounts":[],"rop_publish_now_history":[],"rop_publish_now_status":"pending","footnotes":""},"categories":[5],"tags":[2119,289,2598],"class_list":["post-24883","post","type-post","status-publish","format-standard","has-post-thumbnail","hentry","category-actualidad-informativa","tag-evo-morales","tag-martin-vizcarra","tag-viii-cumbre-de-las-americas"],"_links":{"self":[{"href":"https:\/\/elinformanteperu.com\/index.php\/wp-json\/wp\/v2\/posts\/24883","targetHints":{"allow":["GET"]}}],"collection":[{"href":"https:\/\/elinformanteperu.com\/index.php\/wp-json\/wp\/v2\/posts"}],"about":[{"href":"https:\/\/elinformanteperu.com\/index.php\/wp-json\/wp\/v2\/types\/post"}],"author":[{"embeddable":true,"href":"https:\/\/elinformanteperu.com\/index.php\/wp-json\/wp\/v2\/users\/1"}],"replies":[{"embeddable":true,"href":"https:\/\/elinformanteperu.com\/index.php\/wp-json\/wp\/v2\/comments?post=24883"}],"version-history":[{"count":1,"href":"https:\/\/elinformanteperu.com\/index.php\/wp-json\/wp\/v2\/posts\/24883\/revisions"}],"predecessor-version":[{"id":24886,"href":"https:\/\/elinformanteperu.com\/index.php\/wp-json\/wp\/v2\/posts\/24883\/revisions\/24886"}],"wp:featuredmedia":[{"embeddable":true,"href":"https:\/\/elinformanteperu.com\/index.php\/wp-json\/wp\/v2\/media\/24885"}],"wp:attachment":[{"href":"https:\/\/elinformanteperu.com\/index.php\/wp-json\/wp\/v2\/media?parent=24883"}],"wp:term":[{"taxonomy":"category","embeddable":true,"href":"https:\/\/elinformanteperu.com\/index.php\/wp-json\/wp\/v2\/categories?post=24883"},{"taxonomy":"post_tag","embeddable":true,"href":"https:\/\/elinformanteperu.com\/index.php\/wp-json\/wp\/v2\/tags?post=24883"}],"curies":[{"name":"wp","href":"https:\/\/api.w.org\/{rel}","templated":true}]}}