{"id":24879,"date":"2018-04-11T00:01:00","date_gmt":"2018-04-11T05:01:00","guid":{"rendered":"http:\/\/elinformanteperu.com\/?p=24879"},"modified":"2018-04-11T00:01:00","modified_gmt":"2018-04-11T05:01:00","slug":"investigacion-preliminar-contra-susana-villaran-esta-a-punto-de-concluir","status":"publish","type":"post","link":"https:\/\/elinformanteperu.com\/index.php\/2018\/04\/11\/investigacion-preliminar-contra-susana-villaran-esta-a-punto-de-concluir\/","title":{"rendered":"Investigaci\u00f3n preliminar contra Susana Villar\u00e1n est\u00e1 a punto de concluir"},"content":{"rendered":"<p><strong><span style=\"color: #000000;\">La investigaci\u00f3n preliminar contra la exalcaldesa de Lima Susana Villar\u00e1n, por los presuntos aportes de Odebrecht se encuentra a punto de concluir.<\/span><\/strong><\/p>\n<p><span style=\"color: #000000;\"><strong>Lima, 10 de Abril 2018, (ANDINA).-<\/strong> La investigaci\u00f3n preliminar contra la exalcaldesa de Lima Susana Villar\u00e1n, por los presuntos aportes de Odebrecht a la campa\u00f1a contra su revocatoria, se encuentra a punto de concluir, inform\u00f3 Oliver Ch\u00e1vez, fiscal vocero del equipo especial del Ministerio P\u00fablico.<\/span><\/p>\n<p><span style=\"color: #000000;\">\u00abLa investigaci\u00f3n preliminar se encuentra a punto de concluir, las diligencias de allanamiento e incautaci\u00f3n constituyeron las \u00faltimas diligencias preliminares\u00bb, explic\u00f3 en el programa \u00abSin reserva\u00bb.<\/span><\/p>\n<p><span style=\"color: #000000;\">En funci\u00f3n de ello, adelant\u00f3 que se espera que pr\u00f3ximamente el Ministerio P\u00fablico formalice la investigaci\u00f3n preparatoria y se pueda abrir espacio a una investigaci\u00f3n de m\u00e1s largo aliento.<\/span><\/p>\n<p><span style=\"color: #000000;\">Ch\u00e1vez rechaz\u00f3 que haya habido lentitud, parsimonia o falta de celeridad en el caso de Susana Villar\u00e1n, al referir que su investigaci\u00f3n preliminar tiene cuatro meses y la duraci\u00f3n l\u00edmite es de ocho.<\/span><\/p>\n<p><span style=\"color: #000000;\">\u00abEl plazo se est\u00e1 cumpliendo de forma razonable, la reserva de la investigaci\u00f3n no permite ir alertando a la ciudadan\u00eda de cada paso que se da en procura de la cautela de la investigaci\u00f3n. En defensa de nuestro equipo podemos decir que la investigaci\u00f3n avanza de manera r\u00e1pida\u00bb, enfatiz\u00f3.<\/span><\/p>\n<p><strong><span style=\"color: #000000;\">Allanamientos<\/span><\/strong><\/p>\n<p><span style=\"color: #000000;\">Sobre los allanamientos en inmuebles de Susana Villar\u00e1n, el fiscal dijo que en el de la playa Arica se recogieron documentos, equipos de c\u00f3mputo y telef\u00f3nicos, los cuales fueron lacrados y trasladados a despacho fiscal para proceder en los pr\u00f3ximos d\u00edas a su deslacrado.<\/span><\/p>\n<p><span style=\"color: #000000;\">\u00abSe nos ha indicado que existe abundante informaci\u00f3n documental\u00bb, coment\u00f3 al referir que en la investigaci\u00f3n se han recibido de tres a cuatro declaraciones de testigos por semana en los \u00faltimos cuatro meses y es el caso en que m\u00e1s testimonios se ha recogido.<\/span><\/p>\n<p><span style=\"color: #000000;\">Respecto al inmueble de Miraflores, a\u00f1adi\u00f3, se pudo advertir que no ten\u00eda objetos ni documentos relevantes para la investigaci\u00f3n, lo que hac\u00eda pensar que no era su lugar de residencia actual, por lo que, en coordinaci\u00f3n con la Polic\u00eda Anticorrupci\u00f3n, se dio cuenta del inmueble en playa Arica.<\/span><\/p>\n<p><span style=\"color: #000000;\">El fiscal pidi\u00f3 a la ciudadan\u00eda confiar en el trabajo del equipo especial del Ministerio P\u00fablico, y aclar\u00f3 que la labor no discrimina en funci\u00f3n de personas o intereses pol\u00edticos.<\/span><\/p>\n<p><span style=\"color: #000000;\">\u00abEl trabajo realizado debe merecer la aprobaci\u00f3n de la ciudadan\u00eda\u00bb, agreg\u00f3.<\/span><\/p>\n","protected":false},"excerpt":{"rendered":"<p>La investigaci\u00f3n preliminar contra la exalcaldesa de Lima Susana Villar\u00e1n, por los presuntos aportes de Odebrecht se encuentra a punto de concluir. Lima, 10 de Abril 2018, (ANDINA).- La investigaci\u00f3n preliminar contra la exalcaldesa de Lima Susana Villar\u00e1n, por los presuntos aportes de Odebrecht a la campa\u00f1a contra su revocatoria, se encuentra a punto de [&hellip;]<\/p>\n","protected":false},"author":1,"featured_media":24881,"comment_status":"open","ping_status":"open","sticky":false,"template":"","format":"standard","meta":{"rop_custom_images_group":[],"rop_custom_messages_group":[],"rop_publish_now":"initial","rop_publish_now_accounts":[],"rop_publish_now_history":[],"rop_publish_now_status":"pending","footnotes":""},"categories":[5],"tags":[370,619,776],"class_list":["post-24879","post","type-post","status-publish","format-standard","has-post-thumbnail","hentry","category-actualidad-informativa","tag-ministerio-publico","tag-odebrecht","tag-susana-villaran"],"_links":{"self":[{"href":"https:\/\/elinformanteperu.com\/index.php\/wp-json\/wp\/v2\/posts\/24879","targetHints":{"allow":["GET"]}}],"collection":[{"href":"https:\/\/elinformanteperu.com\/index.php\/wp-json\/wp\/v2\/posts"}],"about":[{"href":"https:\/\/elinformanteperu.com\/index.php\/wp-json\/wp\/v2\/types\/post"}],"author":[{"embeddable":true,"href":"https:\/\/elinformanteperu.com\/index.php\/wp-json\/wp\/v2\/users\/1"}],"replies":[{"embeddable":true,"href":"https:\/\/elinformanteperu.com\/index.php\/wp-json\/wp\/v2\/comments?post=24879"}],"version-history":[{"count":1,"href":"https:\/\/elinformanteperu.com\/index.php\/wp-json\/wp\/v2\/posts\/24879\/revisions"}],"predecessor-version":[{"id":24882,"href":"https:\/\/elinformanteperu.com\/index.php\/wp-json\/wp\/v2\/posts\/24879\/revisions\/24882"}],"wp:featuredmedia":[{"embeddable":true,"href":"https:\/\/elinformanteperu.com\/index.php\/wp-json\/wp\/v2\/media\/24881"}],"wp:attachment":[{"href":"https:\/\/elinformanteperu.com\/index.php\/wp-json\/wp\/v2\/media?parent=24879"}],"wp:term":[{"taxonomy":"category","embeddable":true,"href":"https:\/\/elinformanteperu.com\/index.php\/wp-json\/wp\/v2\/categories?post=24879"},{"taxonomy":"post_tag","embeddable":true,"href":"https:\/\/elinformanteperu.com\/index.php\/wp-json\/wp\/v2\/tags?post=24879"}],"curies":[{"name":"wp","href":"https:\/\/api.w.org\/{rel}","templated":true}]}}