{"id":24870,"date":"2018-04-10T23:48:40","date_gmt":"2018-04-11T04:48:40","guid":{"rendered":"http:\/\/elinformanteperu.com\/?p=24870"},"modified":"2018-04-10T23:50:15","modified_gmt":"2018-04-11T04:50:15","slug":"el-tribunal-de-arbitraje-del-deporte-tas-ya-programo-para-el-3-de-mayo-la-audiencia-del-delantero-paolo-guerrero-quien-llego-a-esta-instancia-para-limpiar-su-imagen-luego-de-que-la-fifa-lo-sanciono","status":"publish","type":"post","link":"https:\/\/elinformanteperu.com\/index.php\/2018\/04\/10\/el-tribunal-de-arbitraje-del-deporte-tas-ya-programo-para-el-3-de-mayo-la-audiencia-del-delantero-paolo-guerrero-quien-llego-a-esta-instancia-para-limpiar-su-imagen-luego-de-que-la-fifa-lo-sanciono\/","title":{"rendered":"Paolo Guerrero: TAS estableci\u00f3 el 3 de mayo como fecha de su audiencia"},"content":{"rendered":"<p><strong><span style=\"color: #000000;\">El TAS ya program\u00f3 para el 3 de mayo la audiencia a Paolo Guerrero, quien lleg\u00f3 a esta instancia para limpiar su imagen luego de que la FIFA lo sancion\u00f3 por seis meses.<\/span><\/strong><\/p>\n<p><span style=\"color: #000000;\"><strong>Lima, 10 de Abril 2018, (ANDINA).-<\/strong> El Tribunal de Arbitraje del Deporte (TAS) ya program\u00f3 para el 3 de mayo la audiencia del delantero Paolo Guerrero, quien lleg\u00f3 a esta instancia para limpiar su imagen luego de que la FIFA lo sancion\u00f3 por seis meses.<\/span><\/p>\n<p><span style=\"color: #000000;\">En medios de Brasil se\u00f1alaron que el pr\u00f3ximo jueves 3 de mayo ser\u00e1 la audiencia en el TAS por el caso de Paolo Guerrero, quien fue sancionado por dar un resultado anal\u00edtico adverso en el control antidopaje en las eliminatorias.<\/span><\/p>\n<p><span style=\"color: #000000;\">Guerrero fue sancionado en primera instancia por un a\u00f1o, pero luego se le redujo el castigo a seis meses.<\/span><\/p>\n<p><span style=\"color: #000000;\">El atacante decidi\u00f3 igual apelar ante el TAS para limpiar su nombre; sin embargo, la Agencia Mundial Antidopaje ha pedido que el castigo sea ampliado a dos a\u00f1os.<\/span><\/p>\n<p><span style=\"color: #000000;\">Precisamente, la sanci\u00f3n de seis meses impuesta al atacante se cumplir\u00e1 el 3 de mayo. Si el TAS decide no aumentar el castigo, Guerrero podr\u00e1 jugar el Mundial.<\/span><\/p>\n<p><img fetchpriority=\"high\" decoding=\"async\" class=\"aligncenter size-full wp-image-23515\" src=\"http:\/\/elinformanteperu.com\/wp-content\/uploads\/2018\/03\/paolo-orejas.jpg\" alt=\"\" width=\"1800\" height=\"1200\" srcset=\"https:\/\/elinformanteperu.com\/wp-content\/uploads\/2018\/03\/paolo-orejas.jpg 1800w, https:\/\/elinformanteperu.com\/wp-content\/uploads\/2018\/03\/paolo-orejas-300x200.jpg 300w, https:\/\/elinformanteperu.com\/wp-content\/uploads\/2018\/03\/paolo-orejas-768x512.jpg 768w, https:\/\/elinformanteperu.com\/wp-content\/uploads\/2018\/03\/paolo-orejas-1024x683.jpg 1024w, https:\/\/elinformanteperu.com\/wp-content\/uploads\/2018\/03\/paolo-orejas-128x85.jpg 128w, https:\/\/elinformanteperu.com\/wp-content\/uploads\/2018\/03\/paolo-orejas-32x21.jpg 32w\" sizes=\"(max-width: 1800px) 100vw, 1800px\" \/><\/p>\n","protected":false},"excerpt":{"rendered":"<p>El TAS ya program\u00f3 para el 3 de mayo la audiencia a Paolo Guerrero, quien lleg\u00f3 a esta instancia para limpiar su imagen luego de que la FIFA lo sancion\u00f3 por seis meses. Lima, 10 de Abril 2018, (ANDINA).- El Tribunal de Arbitraje del Deporte (TAS) ya program\u00f3 para el 3 de mayo la audiencia [&hellip;]<\/p>\n","protected":false},"author":1,"featured_media":24872,"comment_status":"open","ping_status":"open","sticky":false,"template":"","format":"standard","meta":{"rop_custom_images_group":[],"rop_custom_messages_group":[],"rop_publish_now":"initial","rop_publish_now_accounts":[],"rop_publish_now_history":[],"rop_publish_now_status":"pending","footnotes":""},"categories":[8],"tags":[203,1577],"class_list":["post-24870","post","type-post","status-publish","format-standard","has-post-thumbnail","hentry","category-disciplinas-deportivas","tag-paolo-guerrero","tag-tas"],"_links":{"self":[{"href":"https:\/\/elinformanteperu.com\/index.php\/wp-json\/wp\/v2\/posts\/24870","targetHints":{"allow":["GET"]}}],"collection":[{"href":"https:\/\/elinformanteperu.com\/index.php\/wp-json\/wp\/v2\/posts"}],"about":[{"href":"https:\/\/elinformanteperu.com\/index.php\/wp-json\/wp\/v2\/types\/post"}],"author":[{"embeddable":true,"href":"https:\/\/elinformanteperu.com\/index.php\/wp-json\/wp\/v2\/users\/1"}],"replies":[{"embeddable":true,"href":"https:\/\/elinformanteperu.com\/index.php\/wp-json\/wp\/v2\/comments?post=24870"}],"version-history":[{"count":2,"href":"https:\/\/elinformanteperu.com\/index.php\/wp-json\/wp\/v2\/posts\/24870\/revisions"}],"predecessor-version":[{"id":24874,"href":"https:\/\/elinformanteperu.com\/index.php\/wp-json\/wp\/v2\/posts\/24870\/revisions\/24874"}],"wp:featuredmedia":[{"embeddable":true,"href":"https:\/\/elinformanteperu.com\/index.php\/wp-json\/wp\/v2\/media\/24872"}],"wp:attachment":[{"href":"https:\/\/elinformanteperu.com\/index.php\/wp-json\/wp\/v2\/media?parent=24870"}],"wp:term":[{"taxonomy":"category","embeddable":true,"href":"https:\/\/elinformanteperu.com\/index.php\/wp-json\/wp\/v2\/categories?post=24870"},{"taxonomy":"post_tag","embeddable":true,"href":"https:\/\/elinformanteperu.com\/index.php\/wp-json\/wp\/v2\/tags?post=24870"}],"curies":[{"name":"wp","href":"https:\/\/api.w.org\/{rel}","templated":true}]}}