{"id":24837,"date":"2018-04-10T19:34:55","date_gmt":"2018-04-11T00:34:55","guid":{"rendered":"http:\/\/elinformanteperu.com\/?p=24837"},"modified":"2018-04-10T19:34:55","modified_gmt":"2018-04-11T00:34:55","slug":"ministro-javier-pique-trabajaremos-para-convertir-a-todos-los-peruanos-en-propietarios-de-sus-viviendas","status":"publish","type":"post","link":"https:\/\/elinformanteperu.com\/index.php\/2018\/04\/10\/ministro-javier-pique-trabajaremos-para-convertir-a-todos-los-peruanos-en-propietarios-de-sus-viviendas\/","title":{"rendered":"Ministro Javier Piqu\u00e9: trabajaremos para convertir a todos los peruanos en propietarios de sus viviendas"},"content":{"rendered":"<p><strong><span style=\"color: #000000;\">\u201cEstoy muy contento de estar ac\u00e1 y contribuir a un tema tan importante como lo es la formalizaci\u00f3n de la propiedad\u201d, manifest\u00f3<\/span><\/strong><\/p>\n<p><span style=\"color: #000000;\"><strong>Lima, 10 de Abril 2018, &#8211; (El Informante Per\u00fa).-<\/strong> El ministro de Vivienda, Construcci\u00f3n y Saneamiento, Javier Piqu\u00e9 del Pozo, entreg\u00f3 en el distrito de Puente Piedra el t\u00edtulo de propiedad N\u00b0 2 575 000 a nivel nacional, en el marco del 22 aniversario de creaci\u00f3n del Organismo de Formalizaci\u00f3n de la Propiedad Informal (Cofopri).<\/span><\/p>\n<p><span style=\"color: #000000;\">\u201cTrabajaremos para convertir a todos los peruanos en propietarios. Hoy entregamos el t\u00edtulo de propiedad N\u00b0 2 575 0000 que si lo multiplicamos por cinco, que son cada familia, ya son 10 millones de ciudadanos con t\u00edtulo de propiedad, es decir, un tercio de la poblaci\u00f3n del Per\u00fa\u201d, resalt\u00f3 el ministro Javier Piqu\u00e9 en su primera actividad p\u00fablica.<\/span><\/p>\n<p><span style=\"color: #000000;\">Desde la Plaza de Armas de Puente Piedra, el ministro de Vivienda destac\u00f3 que la labor que viene cumpliendo Cofopri desde hace 22 a\u00f1os es muy importante y reiter\u00f3 que el objetivo es que no haya un solo peruano sin su t\u00edtulo de propiedad.<\/span><\/p>\n<p><strong><span style=\"color: #000000;\">Beneficios de contar con titulaci\u00f3n<\/span><\/strong><\/p>\n<p><span style=\"color: #000000;\">Durante la ceremonia, la beneficiaria 2 575 000, se\u00f1ora Elsa Consuelo Jiu Lozano, quien vive en el Asentamiento Humano 3 de marzo, sector Las Arenitas en Puente Piedra, recibi\u00f3 de manos del ministro Javier Piqu\u00e9, su t\u00edtulo de propiedad despu\u00e9s de 30 a\u00f1os de espera.<\/span><\/p>\n<p><span style=\"color: #000000;\">Gracias a su t\u00edtulo de propiedad, la se\u00f1ora Jiu ahora tiene la oportunidad de acceder a los programas de vivienda social que ofrece el Estado, ya que la titulaci\u00f3n del predio es un requisito indispensable para poder obtener este tipo de beneficios.<\/span><\/p>\n<p><strong><span style=\"color: #000000;\">Equipamiento urbano<\/span><\/strong><\/p>\n<p><span style=\"color: #000000;\">El ministro Piqu\u00e9 entreg\u00f3 t\u00edtulos de propiedad en beneficio del municipio de Puente Piedra, el Centro Educativo Rayito de Azul (Lur\u00edn), la Comisar\u00eda de Piedra Liza (R\u00edmac) y la Posta M\u00e9dica San Juan Mas\u00edas (San Borja).<\/span><\/p>\n<p><span style=\"color: #000000;\">Como se recuerda, Cofopri no solo otorga t\u00edtulos de propiedad de lotes destinados para vivienda, tambi\u00e9n entrega t\u00edtulos de espacios destinados para equipamiento urbano: colegios, comisar\u00edas, postas m\u00e9dicas y plazuelas.<\/span><\/p>\n<p><span style=\"color: #000000;\">Desde agosto de 2016 a la fecha, el Ministerio de Vivienda, a trav\u00e9s de Cofopri, ha inscrito en los Registros P\u00fablicos a un total de 101 280 t\u00edtulos de propiedad, conformados por 94 551 lotes para vivienda y 6 729 para equipamiento urbano.<\/span><\/p>\n","protected":false},"excerpt":{"rendered":"<p>\u201cEstoy muy contento de estar ac\u00e1 y contribuir a un tema tan importante como lo es la formalizaci\u00f3n de la propiedad\u201d, manifest\u00f3 Lima, 10 de Abril 2018, &#8211; (El Informante Per\u00fa).- El ministro de Vivienda, Construcci\u00f3n y Saneamiento, Javier Piqu\u00e9 del Pozo, entreg\u00f3 en el distrito de Puente Piedra el t\u00edtulo de propiedad N\u00b0 2 [&hellip;]<\/p>\n","protected":false},"author":1,"featured_media":24839,"comment_status":"open","ping_status":"open","sticky":false,"template":"","format":"standard","meta":{"rop_custom_images_group":[],"rop_custom_messages_group":[],"rop_publish_now":"initial","rop_publish_now_accounts":[],"rop_publish_now_history":[],"rop_publish_now_status":"pending","footnotes":""},"categories":[10],"tags":[2969,1557],"class_list":["post-24837","post","type-post","status-publish","format-standard","has-post-thumbnail","hentry","category-actualidad-municipal","tag-javier-pique","tag-ministerio-de-vivienda"],"_links":{"self":[{"href":"https:\/\/elinformanteperu.com\/index.php\/wp-json\/wp\/v2\/posts\/24837","targetHints":{"allow":["GET"]}}],"collection":[{"href":"https:\/\/elinformanteperu.com\/index.php\/wp-json\/wp\/v2\/posts"}],"about":[{"href":"https:\/\/elinformanteperu.com\/index.php\/wp-json\/wp\/v2\/types\/post"}],"author":[{"embeddable":true,"href":"https:\/\/elinformanteperu.com\/index.php\/wp-json\/wp\/v2\/users\/1"}],"replies":[{"embeddable":true,"href":"https:\/\/elinformanteperu.com\/index.php\/wp-json\/wp\/v2\/comments?post=24837"}],"version-history":[{"count":1,"href":"https:\/\/elinformanteperu.com\/index.php\/wp-json\/wp\/v2\/posts\/24837\/revisions"}],"predecessor-version":[{"id":24840,"href":"https:\/\/elinformanteperu.com\/index.php\/wp-json\/wp\/v2\/posts\/24837\/revisions\/24840"}],"wp:featuredmedia":[{"embeddable":true,"href":"https:\/\/elinformanteperu.com\/index.php\/wp-json\/wp\/v2\/media\/24839"}],"wp:attachment":[{"href":"https:\/\/elinformanteperu.com\/index.php\/wp-json\/wp\/v2\/media?parent=24837"}],"wp:term":[{"taxonomy":"category","embeddable":true,"href":"https:\/\/elinformanteperu.com\/index.php\/wp-json\/wp\/v2\/categories?post=24837"},{"taxonomy":"post_tag","embeddable":true,"href":"https:\/\/elinformanteperu.com\/index.php\/wp-json\/wp\/v2\/tags?post=24837"}],"curies":[{"name":"wp","href":"https:\/\/api.w.org\/{rel}","templated":true}]}}