{"id":24652,"date":"2018-04-05T23:14:24","date_gmt":"2018-04-06T04:14:24","guid":{"rendered":"http:\/\/elinformanteperu.com\/?p=24652"},"modified":"2018-04-05T23:14:24","modified_gmt":"2018-04-06T04:14:24","slug":"benicio-del-toro-encabezara-jurado-de-una-cierta-mirada-en-cannes","status":"publish","type":"post","link":"https:\/\/elinformanteperu.com\/index.php\/2018\/04\/05\/benicio-del-toro-encabezara-jurado-de-una-cierta-mirada-en-cannes\/","title":{"rendered":"Benicio del Toro encabezar\u00e1 jurado de Una cierta mirada en Cannes"},"content":{"rendered":"<p><strong><span style=\"color: #000000;\">El actor Benicio del Toro presidir\u00e1 el jurado de la secci\u00f3n Una cierta mirada, en el venidero Festival de Cine de Cannes.<\/span><\/strong><\/p>\n<p><span style=\"color: #000000;\"><strong>Par\u00eds, 05 de Abril 2018, (PL).-<\/strong> El actor puertorrique\u00f1o Benicio del Toro presidir\u00e1 el jurado de la secci\u00f3n Una cierta mirada, en el venidero Festival de Cine de Cannes, apartado dirigido a reconocer el talento joven y las obras innovadoras.<\/span><\/p>\n<p><span style=\"color: #000000;\">El comit\u00e9 organizador inform\u00f3 hoy que &#8216;este actor fascinante es un gran cin\u00e9filo que presidir\u00e1 los destinos del jurado de Una cierta mirada&#8217;, tomando el relevo de la actriz estadounidense Uma Thurman, quien fue la encargada en la edici\u00f3n de 2017.<\/span><\/p>\n<p><span style=\"color: #000000;\">En un comunicado, el equipo coordinador lo catalog\u00f3 como &#8216;un artista sin fronteras&#8217;, y record\u00f3 que hace una d\u00e9cada se llev\u00f3 el premio de mejor actor por su desempe\u00f1o en la saga de filmes sobre la vida de Ernesto Che Guevara, dirigida por Steven Soderbergh.<\/span><\/p>\n<p><span style=\"color: #000000;\">&#8216;Siempre impresionante, Benicio del Toro trasforma cada una de sus interpretaciones en un \u00e9xito&#8217;, indic\u00f3 el texto.<\/span><\/p>\n<p><span style=\"color: #000000;\">En su edici\u00f3n 71, el Festival de Cine de Cannes se celebrar\u00e1 en esa ciudad del sur de Francia del 8 al 19 de mayo, uno de los cert\u00e1menes de su tipo m\u00e1s reconocidos a nivel internacional.<\/span><\/p>\n<p><span style=\"color: #000000;\">El jurado de la selecci\u00f3n oficial estar\u00e1 presidido por la actriz Cate Blanchett, una artista singular, poseedora de un talento y de convicciones que han marcado su quehacer tanto en el cine como en el teatro, destac\u00f3 el comit\u00e9 organizador hace algunas semanas.<\/span><\/p>\n<p><img fetchpriority=\"high\" decoding=\"async\" class=\"aligncenter size-full wp-image-10208\" src=\"http:\/\/elinformanteperu.com\/wp-content\/uploads\/2017\/05\/cannes-2017-inauguracion2.jpg\" alt=\"\" width=\"667\" height=\"386\" srcset=\"https:\/\/elinformanteperu.com\/wp-content\/uploads\/2017\/05\/cannes-2017-inauguracion2.jpg 667w, https:\/\/elinformanteperu.com\/wp-content\/uploads\/2017\/05\/cannes-2017-inauguracion2-300x174.jpg 300w, https:\/\/elinformanteperu.com\/wp-content\/uploads\/2017\/05\/cannes-2017-inauguracion2-128x74.jpg 128w, https:\/\/elinformanteperu.com\/wp-content\/uploads\/2017\/05\/cannes-2017-inauguracion2-32x19.jpg 32w\" sizes=\"(max-width: 667px) 100vw, 667px\" \/><\/p>\n","protected":false},"excerpt":{"rendered":"<p>El actor Benicio del Toro presidir\u00e1 el jurado de la secci\u00f3n Una cierta mirada, en el venidero Festival de Cine de Cannes. Par\u00eds, 05 de Abril 2018, (PL).- El actor puertorrique\u00f1o Benicio del Toro presidir\u00e1 el jurado de la secci\u00f3n Una cierta mirada, en el venidero Festival de Cine de Cannes, apartado dirigido a reconocer [&hellip;]<\/p>\n","protected":false},"author":1,"featured_media":24654,"comment_status":"open","ping_status":"open","sticky":false,"template":"","format":"standard","meta":{"rop_custom_images_group":[],"rop_custom_messages_group":[],"rop_publish_now":"initial","rop_publish_now_accounts":[],"rop_publish_now_history":[],"rop_publish_now_status":"pending","footnotes":""},"categories":[7],"tags":[2603,2646],"class_list":["post-24652","post","type-post","status-publish","format-standard","has-post-thumbnail","hentry","category-butaca","tag-benicio-del-toro","tag-cannes-2018"],"_links":{"self":[{"href":"https:\/\/elinformanteperu.com\/index.php\/wp-json\/wp\/v2\/posts\/24652","targetHints":{"allow":["GET"]}}],"collection":[{"href":"https:\/\/elinformanteperu.com\/index.php\/wp-json\/wp\/v2\/posts"}],"about":[{"href":"https:\/\/elinformanteperu.com\/index.php\/wp-json\/wp\/v2\/types\/post"}],"author":[{"embeddable":true,"href":"https:\/\/elinformanteperu.com\/index.php\/wp-json\/wp\/v2\/users\/1"}],"replies":[{"embeddable":true,"href":"https:\/\/elinformanteperu.com\/index.php\/wp-json\/wp\/v2\/comments?post=24652"}],"version-history":[{"count":1,"href":"https:\/\/elinformanteperu.com\/index.php\/wp-json\/wp\/v2\/posts\/24652\/revisions"}],"predecessor-version":[{"id":24655,"href":"https:\/\/elinformanteperu.com\/index.php\/wp-json\/wp\/v2\/posts\/24652\/revisions\/24655"}],"wp:featuredmedia":[{"embeddable":true,"href":"https:\/\/elinformanteperu.com\/index.php\/wp-json\/wp\/v2\/media\/24654"}],"wp:attachment":[{"href":"https:\/\/elinformanteperu.com\/index.php\/wp-json\/wp\/v2\/media?parent=24652"}],"wp:term":[{"taxonomy":"category","embeddable":true,"href":"https:\/\/elinformanteperu.com\/index.php\/wp-json\/wp\/v2\/categories?post=24652"},{"taxonomy":"post_tag","embeddable":true,"href":"https:\/\/elinformanteperu.com\/index.php\/wp-json\/wp\/v2\/tags?post=24652"}],"curies":[{"name":"wp","href":"https:\/\/api.w.org\/{rel}","templated":true}]}}