{"id":2444,"date":"2016-12-08T01:57:24","date_gmt":"2016-12-08T06:57:24","guid":{"rendered":"http:\/\/elinformanteperu.com\/?p=2444"},"modified":"2016-12-08T01:57:24","modified_gmt":"2016-12-08T06:57:24","slug":"jaime-saavedra-no-hay-lugar-a-ninguna-renuncia-el-congreso-decidira","status":"publish","type":"post","link":"https:\/\/elinformanteperu.com\/index.php\/2016\/12\/08\/jaime-saavedra-no-hay-lugar-a-ninguna-renuncia-el-congreso-decidira\/","title":{"rendered":"Jaime Saavedra: \u00abNo hay lugar a ninguna renuncia, el Congreso decidir\u00e1\u00bb"},"content":{"rendered":"<p><strong>El ministro de Educaci\u00f3n, Jaime Saavedra, se\u00f1al\u00f3 que ha cumplido con responder el pliego interpelatorio del Congreso de la Rep\u00fablica y asegur\u00f3 que no renunciar\u00e1 a su cargo.<\/strong><\/p>\n<p><strong>Lima, 08 Diciembre 2016, (ANDINA).-<\/strong> El ministro de Educaci\u00f3n, Jaime Saavedra, se\u00f1al\u00f3 que ha cumplido con responder el pliego interpelatorio del Congreso de la Rep\u00fablica y asegur\u00f3 que no renunciar\u00e1 a su cargo.<\/p>\n<p>\u00abNo hay lugar a ninguna renuncia en este caso, lo que hay es una interpelaci\u00f3n y, luego de esta, la representaci\u00f3n nacional puede decidir qu\u00e9 curso seguir\u00bb, afirm\u00f3 anoche en conferencia de prensa, luego de culminar la sesi\u00f3n de interpelaci\u00f3n.<\/p>\n<p>Sobre la moci\u00f3n de censura en su contra, Saavedra dijo que ha cumplido con responder las interrogantes en el Parlamento y lo que viene despu\u00e9s lo decidir\u00e1 el Congreso.<\/p>\n<p>\u00abEso es una decisi\u00f3n del Congreso de la Rep\u00fablica, nosotros hemos cumplido con presentarnos a este proceso de interpelaci\u00f3n (\u2026)\u00bb, indic\u00f3.<\/p>\n<p>La bancada de Fuerza Popular inform\u00f3 anoche que presentar\u00e1 una moci\u00f3n de censura contra el titular de Educaci\u00f3n.<\/p>\n<p>Saavedra Chanduv\u00ed sostuvo que la sesi\u00f3n de interpelaci\u00f3n ha puesto a la educaci\u00f3n en la agenda del pa\u00eds.<\/p>\n<p>\u201cEstamos avanzando en la ruta correcta y los expertos no me dejar\u00e1n mentir que esta reforma toma a\u00f1os\u201d, asever\u00f3.<\/p>\n","protected":false},"excerpt":{"rendered":"<p>El ministro de Educaci\u00f3n, Jaime Saavedra, se\u00f1al\u00f3 que ha cumplido con responder el pliego interpelatorio del Congreso de la Rep\u00fablica y asegur\u00f3 que no renunciar\u00e1 a su cargo. Lima, 08 Diciembre 2016, (ANDINA).- El ministro de Educaci\u00f3n, Jaime Saavedra, se\u00f1al\u00f3 que ha cumplido con responder el pliego interpelatorio del Congreso de la Rep\u00fablica y asegur\u00f3 [&hellip;]<\/p>\n","protected":false},"author":1,"featured_media":2445,"comment_status":"open","ping_status":"open","sticky":false,"template":"","format":"standard","meta":{"rop_custom_images_group":[],"rop_custom_messages_group":[],"rop_publish_now":"initial","rop_publish_now_accounts":[],"rop_publish_now_history":[],"rop_publish_now_status":"pending","footnotes":""},"categories":[5],"tags":[192,286],"class_list":["post-2444","post","type-post","status-publish","format-standard","has-post-thumbnail","hentry","category-actualidad-informativa","tag-congreso","tag-jaime-saavedra"],"_links":{"self":[{"href":"https:\/\/elinformanteperu.com\/index.php\/wp-json\/wp\/v2\/posts\/2444","targetHints":{"allow":["GET"]}}],"collection":[{"href":"https:\/\/elinformanteperu.com\/index.php\/wp-json\/wp\/v2\/posts"}],"about":[{"href":"https:\/\/elinformanteperu.com\/index.php\/wp-json\/wp\/v2\/types\/post"}],"author":[{"embeddable":true,"href":"https:\/\/elinformanteperu.com\/index.php\/wp-json\/wp\/v2\/users\/1"}],"replies":[{"embeddable":true,"href":"https:\/\/elinformanteperu.com\/index.php\/wp-json\/wp\/v2\/comments?post=2444"}],"version-history":[{"count":1,"href":"https:\/\/elinformanteperu.com\/index.php\/wp-json\/wp\/v2\/posts\/2444\/revisions"}],"predecessor-version":[{"id":2446,"href":"https:\/\/elinformanteperu.com\/index.php\/wp-json\/wp\/v2\/posts\/2444\/revisions\/2446"}],"wp:featuredmedia":[{"embeddable":true,"href":"https:\/\/elinformanteperu.com\/index.php\/wp-json\/wp\/v2\/media\/2445"}],"wp:attachment":[{"href":"https:\/\/elinformanteperu.com\/index.php\/wp-json\/wp\/v2\/media?parent=2444"}],"wp:term":[{"taxonomy":"category","embeddable":true,"href":"https:\/\/elinformanteperu.com\/index.php\/wp-json\/wp\/v2\/categories?post=2444"},{"taxonomy":"post_tag","embeddable":true,"href":"https:\/\/elinformanteperu.com\/index.php\/wp-json\/wp\/v2\/tags?post=2444"}],"curies":[{"name":"wp","href":"https:\/\/api.w.org\/{rel}","templated":true}]}}