{"id":24173,"date":"2018-03-28T00:13:02","date_gmt":"2018-03-28T05:13:02","guid":{"rendered":"http:\/\/elinformanteperu.com\/?p=24173"},"modified":"2018-03-28T00:13:02","modified_gmt":"2018-03-28T05:13:02","slug":"brasil-vence-1-0-a-alemania-en-amistoso-cuatro-anos-despues-del-mundial-2014","status":"publish","type":"post","link":"https:\/\/elinformanteperu.com\/index.php\/2018\/03\/28\/brasil-vence-1-0-a-alemania-en-amistoso-cuatro-anos-despues-del-mundial-2014\/","title":{"rendered":"Brasil vence 1-0 a Alemania en amistoso cuatro a\u00f1os despu\u00e9s del Mundial-2014"},"content":{"rendered":"<p><span style=\"color: #000000;\"><strong>Brasil sigui\u00f3 elevando su confianza en la preparaci\u00f3n para el Mundial de Rusia al conseguir ganar por 1 a 0 en su visita a la campeona del mundo, Alemania, con gol de Gabriel Jes\u00fas.<\/strong><\/span><\/p>\n<p><span style=\"color: #000000;\"><strong>Berl\u00edn, 27 Marzo 2018, (ANDINA).-<\/strong> Brasil sigui\u00f3 elevando su confianza en la preparaci\u00f3n para el Mundial de Rusia al conseguir ganar por 1 a 0 en su visita a la campeona del mundo, Alemania, con gol de Gabriel Jes\u00fas (minuto 38), en un amistoso en Berl\u00edn, cuatro a\u00f1os despu\u00e9s del recordado &#8216;Mineirazo&#8217;.<\/span><\/p>\n<p><span style=\"color: #000000;\">Si entonces el equipo europeo humill\u00f3 a la Sele\u00e7ao con un 7-1 en Belo Horizonte, en semifinales de &#8216;su&#8217; Copa del Mundo, esta vez fue la verdeamarilla la que amarg\u00f3 al equipo de Joachim L\u00f6w, en su primer enfrentamiento desde entonces, si bien es cierto que en un partido ahora mucho m\u00e1s intrascendente y por un resultado m\u00e1s discreto.<\/span><\/p>\n<p><iframe src=\"https:\/\/www.youtube-nocookie.com\/embed\/akX_eSPL0u8?rel=0&amp;controls=0&amp;showinfo=0\" width=\"560\" height=\"315\" frameborder=\"0\" allowfullscreen=\"allowfullscreen\"><\/iframe><\/p>\n","protected":false},"excerpt":{"rendered":"<p>Brasil sigui\u00f3 elevando su confianza en la preparaci\u00f3n para el Mundial de Rusia al conseguir ganar por 1 a 0 en su visita a la campeona del mundo, Alemania, con gol de Gabriel Jes\u00fas. Berl\u00edn, 27 Marzo 2018, (ANDINA).- Brasil sigui\u00f3 elevando su confianza en la preparaci\u00f3n para el Mundial de Rusia al conseguir ganar [&hellip;]<\/p>\n","protected":false},"author":1,"featured_media":24175,"comment_status":"open","ping_status":"open","sticky":false,"template":"","format":"standard","meta":{"rop_custom_images_group":[],"rop_custom_messages_group":[],"rop_publish_now":"initial","rop_publish_now_accounts":[],"rop_publish_now_history":[],"rop_publish_now_status":"pending","footnotes":""},"categories":[8],"tags":[350,87,169],"class_list":["post-24173","post","type-post","status-publish","format-standard","has-post-thumbnail","hentry","category-disciplinas-deportivas","tag-alemania","tag-brasil","tag-rusia-2018"],"_links":{"self":[{"href":"https:\/\/elinformanteperu.com\/index.php\/wp-json\/wp\/v2\/posts\/24173","targetHints":{"allow":["GET"]}}],"collection":[{"href":"https:\/\/elinformanteperu.com\/index.php\/wp-json\/wp\/v2\/posts"}],"about":[{"href":"https:\/\/elinformanteperu.com\/index.php\/wp-json\/wp\/v2\/types\/post"}],"author":[{"embeddable":true,"href":"https:\/\/elinformanteperu.com\/index.php\/wp-json\/wp\/v2\/users\/1"}],"replies":[{"embeddable":true,"href":"https:\/\/elinformanteperu.com\/index.php\/wp-json\/wp\/v2\/comments?post=24173"}],"version-history":[{"count":1,"href":"https:\/\/elinformanteperu.com\/index.php\/wp-json\/wp\/v2\/posts\/24173\/revisions"}],"predecessor-version":[{"id":24176,"href":"https:\/\/elinformanteperu.com\/index.php\/wp-json\/wp\/v2\/posts\/24173\/revisions\/24176"}],"wp:featuredmedia":[{"embeddable":true,"href":"https:\/\/elinformanteperu.com\/index.php\/wp-json\/wp\/v2\/media\/24175"}],"wp:attachment":[{"href":"https:\/\/elinformanteperu.com\/index.php\/wp-json\/wp\/v2\/media?parent=24173"}],"wp:term":[{"taxonomy":"category","embeddable":true,"href":"https:\/\/elinformanteperu.com\/index.php\/wp-json\/wp\/v2\/categories?post=24173"},{"taxonomy":"post_tag","embeddable":true,"href":"https:\/\/elinformanteperu.com\/index.php\/wp-json\/wp\/v2\/tags?post=24173"}],"curies":[{"name":"wp","href":"https:\/\/api.w.org\/{rel}","templated":true}]}}