{"id":24013,"date":"2018-03-24T00:31:07","date_gmt":"2018-03-24T05:31:07","guid":{"rendered":"http:\/\/elinformanteperu.com\/?p=24013"},"modified":"2018-03-24T00:31:07","modified_gmt":"2018-03-24T05:31:07","slug":"martin-vizcarra-juro-como-nuevo-presidente-de-la-republica","status":"publish","type":"post","link":"https:\/\/elinformanteperu.com\/index.php\/2018\/03\/24\/martin-vizcarra-juro-como-nuevo-presidente-de-la-republica\/","title":{"rendered":"Mart\u00edn Vizcarra jur\u00f3 como nuevo Presidente de la Rep\u00fablica"},"content":{"rendered":"<p><strong><span style=\"color: #000000;\">El ingeniero Mart\u00edn Vizcarra Cornejo jur\u00f3 como nuevo Presidente Constitucional de la Rep\u00fablica, en sesi\u00f3n solemne del Congreso.<\/span><\/strong><\/p>\n<p><span style=\"color: #000000;\"><strong>Lima, 23 Marzo 2018, (ANDINA).-<\/strong> El ingeniero Mart\u00edn Vizcarra Cornejo jur\u00f3 como nuevo Presidente Constitucional de la Rep\u00fablica, en sesi\u00f3n solemne del Congreso.<\/span><\/p>\n<p><span style=\"color: #000000;\">La ceremonia de juramentaci\u00f3n tuvo lugar en el hemiciclo del Palacio Legislativo.<\/span><\/p>\n<p><span style=\"color: #000000;\">Tras jurar el cargo, Vizcarra recibi\u00f3 la banda presidencial del titular del Parlamento, Luis Galarreta, de acuerdo con el protocolo ceremonial.<\/span><\/p>\n<p><span style=\"color: #000000;\">Mart\u00edn Vizcarra fue elegido primer vicepresidente de la Rep\u00fablica en la f\u00f3rmula de Peruanos por el Kambio, el partido que llev\u00f3 a la Presidencia a Pedro Pablo Kuczynski para el periodo presidencial 2016-2021.<\/span><\/p>\n<p><span style=\"color: #000000;\">Dada la renuncia de Kuczynski, tras una crisis pol\u00edtica motivada por una moci\u00f3n de vacancia en su contra, Mart\u00edn Vizcarra fue llamado a ocupar la Presidencia de la Rep\u00fablica de acuerdo con la Constituci\u00f3n, hasta culminar el presente periodo presidencial.<\/span><\/p>\n<p><span style=\"color: #000000;\">En la ceremonia de toma de mando estuvo presente Maribel D\u00edaz, esposa del ahora presidente Mart\u00edn Vizcarra, acompa\u00f1ada por sus hijos.<\/span><\/p>\n<p><img fetchpriority=\"high\" decoding=\"async\" class=\"aligncenter size-full wp-image-24016\" src=\"http:\/\/elinformanteperu.com\/wp-content\/uploads\/2018\/03\/vizcarra-presidente1.jpg\" alt=\"\" width=\"1800\" height=\"1200\" srcset=\"https:\/\/elinformanteperu.com\/wp-content\/uploads\/2018\/03\/vizcarra-presidente1.jpg 1800w, https:\/\/elinformanteperu.com\/wp-content\/uploads\/2018\/03\/vizcarra-presidente1-300x200.jpg 300w, https:\/\/elinformanteperu.com\/wp-content\/uploads\/2018\/03\/vizcarra-presidente1-768x512.jpg 768w, https:\/\/elinformanteperu.com\/wp-content\/uploads\/2018\/03\/vizcarra-presidente1-1024x683.jpg 1024w, https:\/\/elinformanteperu.com\/wp-content\/uploads\/2018\/03\/vizcarra-presidente1-128x85.jpg 128w, https:\/\/elinformanteperu.com\/wp-content\/uploads\/2018\/03\/vizcarra-presidente1-32x21.jpg 32w\" sizes=\"(max-width: 1800px) 100vw, 1800px\" \/><\/p>\n","protected":false},"excerpt":{"rendered":"<p>El ingeniero Mart\u00edn Vizcarra Cornejo jur\u00f3 como nuevo Presidente Constitucional de la Rep\u00fablica, en sesi\u00f3n solemne del Congreso. Lima, 23 Marzo 2018, (ANDINA).- El ingeniero Mart\u00edn Vizcarra Cornejo jur\u00f3 como nuevo Presidente Constitucional de la Rep\u00fablica, en sesi\u00f3n solemne del Congreso. La ceremonia de juramentaci\u00f3n tuvo lugar en el hemiciclo del Palacio Legislativo. Tras jurar [&hellip;]<\/p>\n","protected":false},"author":1,"featured_media":24015,"comment_status":"open","ping_status":"open","sticky":false,"template":"","format":"standard","meta":{"rop_custom_images_group":[],"rop_custom_messages_group":[],"rop_publish_now":"initial","rop_publish_now_accounts":[],"rop_publish_now_history":[],"rop_publish_now_status":"pending","footnotes":""},"categories":[5],"tags":[192,289],"class_list":["post-24013","post","type-post","status-publish","format-standard","has-post-thumbnail","hentry","category-actualidad-informativa","tag-congreso","tag-martin-vizcarra"],"_links":{"self":[{"href":"https:\/\/elinformanteperu.com\/index.php\/wp-json\/wp\/v2\/posts\/24013","targetHints":{"allow":["GET"]}}],"collection":[{"href":"https:\/\/elinformanteperu.com\/index.php\/wp-json\/wp\/v2\/posts"}],"about":[{"href":"https:\/\/elinformanteperu.com\/index.php\/wp-json\/wp\/v2\/types\/post"}],"author":[{"embeddable":true,"href":"https:\/\/elinformanteperu.com\/index.php\/wp-json\/wp\/v2\/users\/1"}],"replies":[{"embeddable":true,"href":"https:\/\/elinformanteperu.com\/index.php\/wp-json\/wp\/v2\/comments?post=24013"}],"version-history":[{"count":1,"href":"https:\/\/elinformanteperu.com\/index.php\/wp-json\/wp\/v2\/posts\/24013\/revisions"}],"predecessor-version":[{"id":24017,"href":"https:\/\/elinformanteperu.com\/index.php\/wp-json\/wp\/v2\/posts\/24013\/revisions\/24017"}],"wp:featuredmedia":[{"embeddable":true,"href":"https:\/\/elinformanteperu.com\/index.php\/wp-json\/wp\/v2\/media\/24015"}],"wp:attachment":[{"href":"https:\/\/elinformanteperu.com\/index.php\/wp-json\/wp\/v2\/media?parent=24013"}],"wp:term":[{"taxonomy":"category","embeddable":true,"href":"https:\/\/elinformanteperu.com\/index.php\/wp-json\/wp\/v2\/categories?post=24013"},{"taxonomy":"post_tag","embeddable":true,"href":"https:\/\/elinformanteperu.com\/index.php\/wp-json\/wp\/v2\/tags?post=24013"}],"curies":[{"name":"wp","href":"https:\/\/api.w.org\/{rel}","templated":true}]}}