{"id":23949,"date":"2018-03-22T23:53:42","date_gmt":"2018-03-23T04:53:42","guid":{"rendered":"http:\/\/elinformanteperu.com\/?p=23949"},"modified":"2018-03-22T23:53:42","modified_gmt":"2018-03-23T04:53:42","slug":"accion-popular-pide-votar-a-favor-de-la-renuncia-de-kuczynski","status":"publish","type":"post","link":"https:\/\/elinformanteperu.com\/index.php\/2018\/03\/22\/accion-popular-pide-votar-a-favor-de-la-renuncia-de-kuczynski\/","title":{"rendered":"Acci\u00f3n Popular pide votar a favor de la renuncia de Kuczynski"},"content":{"rendered":"<p><strong><span style=\"color: #000000;\">El vocero de la bancada de Acci\u00f3n Popular, V\u00edctor Garc\u00eda Belaunde, pidi\u00f3 al pleno del Parlamento votar a favor de la renuncia de Pedro Pablo Kuczynski.<\/span><\/strong><\/p>\n<p><span style=\"color: #000000;\"><strong>Lima, 22 Marzo 2018, (ANDINA).-<\/strong> El vocero de la bancada de Acci\u00f3n Popular, V\u00edctor Garc\u00eda Belaunde, pidi\u00f3 al pleno del Parlamento votar a favor de la renuncia de Pedro Pablo Kuczynski a la presidencia de la Rep\u00fablica.<\/span><\/p>\n<p><span style=\"color: #000000;\">Durante el inicio del pleno del Congreso, sostuvo que rechazar la renuncia y optar por debatir la vacancia implicar\u00eda un tr\u00e1mite m\u00e1s largo, al recordar que esta \u00faltima requiere 87 votos adem\u00e1s de la presencia de Kuczynski y de su abogado para ejercer su defensa.<\/span><\/p>\n<p><span style=\"color: #000000;\">\u201cEn cambio la renuncia se presenta y se vota por mayor\u00eda simple. Eso es lo que hay que hacer\u201d, manifest\u00f3 el legislador, quien expres\u00f3 sus cr\u00edticas sobre la carta de renuncia por estar \u201cllena de exageraciones y falsedades\u201d.<\/span><\/p>\n<p><span style=\"color: #000000;\">Para Garc\u00eda Belaunde es momento de voltear la p\u00e1gina y corresponde al primer vicepresidente Mart\u00edn Vizcarra \u201casumir la presidencia lo m\u00e1s pronto posible y el Per\u00fa se eche a andar\u201d.<\/span><\/p>\n<p><span style=\"color: #000000;\">Pedro Pablo Kuczynski renunci\u00f3 en la v\u00edspera a la Presidencia de la Rep\u00fablica en un mensaje a la Naci\u00f3n en el que afirm\u00f3 que habr\u00e1 una transici\u00f3n constitucionalmente ordenada.<\/span><\/p>\n","protected":false},"excerpt":{"rendered":"<p>El vocero de la bancada de Acci\u00f3n Popular, V\u00edctor Garc\u00eda Belaunde, pidi\u00f3 al pleno del Parlamento votar a favor de la renuncia de Pedro Pablo Kuczynski. Lima, 22 Marzo 2018, (ANDINA).- El vocero de la bancada de Acci\u00f3n Popular, V\u00edctor Garc\u00eda Belaunde, pidi\u00f3 al pleno del Parlamento votar a favor de la renuncia de Pedro [&hellip;]<\/p>\n","protected":false},"author":1,"featured_media":23951,"comment_status":"open","ping_status":"open","sticky":false,"template":"","format":"standard","meta":{"rop_custom_images_group":[],"rop_custom_messages_group":[],"rop_publish_now":"initial","rop_publish_now_accounts":[],"rop_publish_now_history":[],"rop_publish_now_status":"pending","footnotes":""},"categories":[5],"tags":[326,74,2577,706],"class_list":["post-23949","post","type-post","status-publish","format-standard","has-post-thumbnail","hentry","category-actualidad-informativa","tag-accion-popular","tag-pedro-pablo-kuczynski","tag-vacancia-ppk","tag-victor-andres-garcia-belaunde"],"_links":{"self":[{"href":"https:\/\/elinformanteperu.com\/index.php\/wp-json\/wp\/v2\/posts\/23949","targetHints":{"allow":["GET"]}}],"collection":[{"href":"https:\/\/elinformanteperu.com\/index.php\/wp-json\/wp\/v2\/posts"}],"about":[{"href":"https:\/\/elinformanteperu.com\/index.php\/wp-json\/wp\/v2\/types\/post"}],"author":[{"embeddable":true,"href":"https:\/\/elinformanteperu.com\/index.php\/wp-json\/wp\/v2\/users\/1"}],"replies":[{"embeddable":true,"href":"https:\/\/elinformanteperu.com\/index.php\/wp-json\/wp\/v2\/comments?post=23949"}],"version-history":[{"count":1,"href":"https:\/\/elinformanteperu.com\/index.php\/wp-json\/wp\/v2\/posts\/23949\/revisions"}],"predecessor-version":[{"id":23952,"href":"https:\/\/elinformanteperu.com\/index.php\/wp-json\/wp\/v2\/posts\/23949\/revisions\/23952"}],"wp:featuredmedia":[{"embeddable":true,"href":"https:\/\/elinformanteperu.com\/index.php\/wp-json\/wp\/v2\/media\/23951"}],"wp:attachment":[{"href":"https:\/\/elinformanteperu.com\/index.php\/wp-json\/wp\/v2\/media?parent=23949"}],"wp:term":[{"taxonomy":"category","embeddable":true,"href":"https:\/\/elinformanteperu.com\/index.php\/wp-json\/wp\/v2\/categories?post=23949"},{"taxonomy":"post_tag","embeddable":true,"href":"https:\/\/elinformanteperu.com\/index.php\/wp-json\/wp\/v2\/tags?post=23949"}],"curies":[{"name":"wp","href":"https:\/\/api.w.org\/{rel}","templated":true}]}}