{"id":23945,"date":"2018-03-22T23:36:00","date_gmt":"2018-03-23T04:36:00","guid":{"rendered":"http:\/\/elinformanteperu.com\/?p=23945"},"modified":"2018-03-22T23:36:00","modified_gmt":"2018-03-23T04:36:00","slug":"bancada-ppk-se-compromete-a-apoyar-a-martin-vizcarra","status":"publish","type":"post","link":"https:\/\/elinformanteperu.com\/index.php\/2018\/03\/22\/bancada-ppk-se-compromete-a-apoyar-a-martin-vizcarra\/","title":{"rendered":"Bancada PPK se compromete a apoyar a Mart\u00edn Vizcarra"},"content":{"rendered":"<p><strong><span style=\"color: #000000;\">La bancada de Peruanos por el Kambio (PPK) expres\u00f3 su compromiso de apoyar a Mart\u00edn Vizcarra en la Presidencia de la Rep\u00fablica.<\/span><\/strong><\/p>\n<p><span style=\"color: #000000;\"><strong>Lima, 22 Marzo 2018, (ANDINA).-<\/strong> La bancada de Peruanos por el Kambio (PPK) expres\u00f3 su compromiso de apoyar a Mart\u00edn Vizcarra en la Presidencia de la Rep\u00fablica y consider\u00f3 que su gobierno debe ser de unidad nacional.<\/span><\/p>\n<p><span style=\"color: #000000;\">El vocero de este grupo pol\u00edtico, Gilbert Violeta, manifest\u00f3 en redes sociales que, en eras de la gobernabilidad del pa\u00eds, el gobierno de Vizcarra debe ser de unidad nacional y terminar con la confrontaci\u00f3n entre el Parlamento y el Ejecutivo.<\/span><\/p>\n<p><span style=\"color: #000000;\">\u201cEn aras de la gobernabilidad, el mandato de Mart\u00edn Vizcarra debe ser de unidad nacional, que termine con la confrontaci\u00f3n entre el Parlamento y el Ejecutivo, y nos permita tener estabilidad pol\u00edtica y crecimiento sostenido\u201d, escribi\u00f3 en Twitter.<\/span><\/p>\n<p><span style=\"color: #000000;\">Violeta, quien fue uno de los principales soportes del presidente Kuczynski en el Parlamento, dijo que todos los sectores pol\u00edticos le deben disculpas al pa\u00eds, y consider\u00f3 necesario profundizar las reformas pol\u00edticas para tener un mejor Parlamento y un mejor sistema de partidos.<\/span><\/p>\n<p><span style=\"color: #000000;\">Vizcarra asumir\u00e1 ma\u00f1ana la Presidencia de la Rep\u00fablica en reemplazo de Pedro Pablo Kuczynski, quien renunci\u00f3 al cargo tras revelarse negociaciones para conseguir votos en contra de la vacancia a cambio de obras en las regiones de los congresistas.<\/span><\/p>\n","protected":false},"excerpt":{"rendered":"<p>La bancada de Peruanos por el Kambio (PPK) expres\u00f3 su compromiso de apoyar a Mart\u00edn Vizcarra en la Presidencia de la Rep\u00fablica. Lima, 22 Marzo 2018, (ANDINA).- La bancada de Peruanos por el Kambio (PPK) expres\u00f3 su compromiso de apoyar a Mart\u00edn Vizcarra en la Presidencia de la Rep\u00fablica y consider\u00f3 que su gobierno debe [&hellip;]<\/p>\n","protected":false},"author":1,"featured_media":23947,"comment_status":"open","ping_status":"open","sticky":false,"template":"","format":"standard","meta":{"rop_custom_images_group":[],"rop_custom_messages_group":[],"rop_publish_now":"initial","rop_publish_now_accounts":[],"rop_publish_now_history":[],"rop_publish_now_status":"pending","footnotes":""},"categories":[5],"tags":[847,165,73],"class_list":["post-23945","post","type-post","status-publish","format-standard","has-post-thumbnail","hentry","category-actualidad-informativa","tag-gilbert-violeta","tag-peruanos-por-el-kambio","tag-ppk"],"_links":{"self":[{"href":"https:\/\/elinformanteperu.com\/index.php\/wp-json\/wp\/v2\/posts\/23945","targetHints":{"allow":["GET"]}}],"collection":[{"href":"https:\/\/elinformanteperu.com\/index.php\/wp-json\/wp\/v2\/posts"}],"about":[{"href":"https:\/\/elinformanteperu.com\/index.php\/wp-json\/wp\/v2\/types\/post"}],"author":[{"embeddable":true,"href":"https:\/\/elinformanteperu.com\/index.php\/wp-json\/wp\/v2\/users\/1"}],"replies":[{"embeddable":true,"href":"https:\/\/elinformanteperu.com\/index.php\/wp-json\/wp\/v2\/comments?post=23945"}],"version-history":[{"count":1,"href":"https:\/\/elinformanteperu.com\/index.php\/wp-json\/wp\/v2\/posts\/23945\/revisions"}],"predecessor-version":[{"id":23948,"href":"https:\/\/elinformanteperu.com\/index.php\/wp-json\/wp\/v2\/posts\/23945\/revisions\/23948"}],"wp:featuredmedia":[{"embeddable":true,"href":"https:\/\/elinformanteperu.com\/index.php\/wp-json\/wp\/v2\/media\/23947"}],"wp:attachment":[{"href":"https:\/\/elinformanteperu.com\/index.php\/wp-json\/wp\/v2\/media?parent=23945"}],"wp:term":[{"taxonomy":"category","embeddable":true,"href":"https:\/\/elinformanteperu.com\/index.php\/wp-json\/wp\/v2\/categories?post=23945"},{"taxonomy":"post_tag","embeddable":true,"href":"https:\/\/elinformanteperu.com\/index.php\/wp-json\/wp\/v2\/tags?post=23945"}],"curies":[{"name":"wp","href":"https:\/\/api.w.org\/{rel}","templated":true}]}}