{"id":23940,"date":"2018-03-22T23:32:47","date_gmt":"2018-03-23T04:32:47","guid":{"rendered":"http:\/\/elinformanteperu.com\/?p=23940"},"modified":"2018-03-22T23:32:47","modified_gmt":"2018-03-23T04:32:47","slug":"presidente-kuczynski-se-despidio-de-trabajadores-de-palacio-de-gobierno","status":"publish","type":"post","link":"https:\/\/elinformanteperu.com\/index.php\/2018\/03\/22\/presidente-kuczynski-se-despidio-de-trabajadores-de-palacio-de-gobierno\/","title":{"rendered":"Presidente Kuczynski se despidi\u00f3 de trabajadores de Palacio de Gobierno"},"content":{"rendered":"<p><strong><span style=\"color: #000000;\">El presidente Pedro Pablo Kuczynski se despidi\u00f3 de los trabajadores de Palacio de Gobierno, quienes lo recibieron en el Patio de Honor para brindarle sus saludos.<\/span><\/strong><\/p>\n<p><span style=\"color: #000000;\"><strong>Lima, 22 Marzo 2018, (ANDINA).-<\/strong> El presidente Pedro Pablo Kuczynski se despidi\u00f3 de los trabajadores de Palacio de Gobierno, quienes lo recibieron en el Patio de Honor para brindarle sus saludos y buenos deseos, tras su renuncia a la Presidencia de la Rep\u00fablica.<\/span><\/p>\n<p><span style=\"color: #000000;\">Vestido de forma casual, Kuczynski estuvo acompa\u00f1ado por la jefa del Gabinete Ministerial, Mercedes Ar\u00e1oz, quien lo acompa\u00f1\u00f3 durante su permanencia en la sede del Ejecutivo.<\/span><\/p>\n<p><span style=\"color: #000000;\">En su recorrido, un sonriente Kucynski recibi\u00f3 el saludo y muestras de aprecio de parte de los trabajadores quienes hicieron un alto a sus labores para acercarse al saliente gobernante, quien devolvi\u00f3 las muestras de aprecio estrechando la mano de cada uno de ellos.<\/span><\/p>\n<p><span style=\"color: #000000;\">Kuczynski renunci\u00f3 ayer a la Presidencia de la Rep\u00fablica debido a la presi\u00f3n de la oposici\u00f3n y a la aparici\u00f3n de videos en los que allegados a su gobierno negociaban con algunos congresistas apoyo contra la vacancia a cambio de obras en sus regiones.<\/span><\/p>\n<p><span style=\"color: #000000;\">Tras la renuncia, corresponde una sucesi\u00f3n constitucional de la Presidencia, la cual recaer\u00e1 en el primer vicepresidente, Mart\u00edn Vizcarra.<\/span><\/p>\n<p><img fetchpriority=\"high\" decoding=\"async\" class=\"aligncenter size-full wp-image-23943\" src=\"http:\/\/elinformanteperu.com\/wp-content\/uploads\/2018\/03\/ppk-despedida-palacio-dia-siguiente.jpg\" alt=\"\" width=\"1800\" height=\"1200\" srcset=\"https:\/\/elinformanteperu.com\/wp-content\/uploads\/2018\/03\/ppk-despedida-palacio-dia-siguiente.jpg 1800w, https:\/\/elinformanteperu.com\/wp-content\/uploads\/2018\/03\/ppk-despedida-palacio-dia-siguiente-300x200.jpg 300w, https:\/\/elinformanteperu.com\/wp-content\/uploads\/2018\/03\/ppk-despedida-palacio-dia-siguiente-768x512.jpg 768w, https:\/\/elinformanteperu.com\/wp-content\/uploads\/2018\/03\/ppk-despedida-palacio-dia-siguiente-1024x683.jpg 1024w, https:\/\/elinformanteperu.com\/wp-content\/uploads\/2018\/03\/ppk-despedida-palacio-dia-siguiente-128x85.jpg 128w, https:\/\/elinformanteperu.com\/wp-content\/uploads\/2018\/03\/ppk-despedida-palacio-dia-siguiente-32x21.jpg 32w\" sizes=\"(max-width: 1800px) 100vw, 1800px\" \/><\/p>\n","protected":false},"excerpt":{"rendered":"<p>El presidente Pedro Pablo Kuczynski se despidi\u00f3 de los trabajadores de Palacio de Gobierno, quienes lo recibieron en el Patio de Honor para brindarle sus saludos. Lima, 22 Marzo 2018, (ANDINA).- El presidente Pedro Pablo Kuczynski se despidi\u00f3 de los trabajadores de Palacio de Gobierno, quienes lo recibieron en el Patio de Honor para brindarle [&hellip;]<\/p>\n","protected":false},"author":1,"featured_media":23942,"comment_status":"open","ping_status":"open","sticky":false,"template":"","format":"standard","meta":{"rop_custom_images_group":[],"rop_custom_messages_group":[],"rop_publish_now":"initial","rop_publish_now_accounts":[],"rop_publish_now_history":[],"rop_publish_now_status":"pending","footnotes":""},"categories":[5],"tags":[192,79,74],"class_list":["post-23940","post","type-post","status-publish","format-standard","has-post-thumbnail","hentry","category-actualidad-informativa","tag-congreso","tag-mercedes-araoz","tag-pedro-pablo-kuczynski"],"_links":{"self":[{"href":"https:\/\/elinformanteperu.com\/index.php\/wp-json\/wp\/v2\/posts\/23940","targetHints":{"allow":["GET"]}}],"collection":[{"href":"https:\/\/elinformanteperu.com\/index.php\/wp-json\/wp\/v2\/posts"}],"about":[{"href":"https:\/\/elinformanteperu.com\/index.php\/wp-json\/wp\/v2\/types\/post"}],"author":[{"embeddable":true,"href":"https:\/\/elinformanteperu.com\/index.php\/wp-json\/wp\/v2\/users\/1"}],"replies":[{"embeddable":true,"href":"https:\/\/elinformanteperu.com\/index.php\/wp-json\/wp\/v2\/comments?post=23940"}],"version-history":[{"count":1,"href":"https:\/\/elinformanteperu.com\/index.php\/wp-json\/wp\/v2\/posts\/23940\/revisions"}],"predecessor-version":[{"id":23944,"href":"https:\/\/elinformanteperu.com\/index.php\/wp-json\/wp\/v2\/posts\/23940\/revisions\/23944"}],"wp:featuredmedia":[{"embeddable":true,"href":"https:\/\/elinformanteperu.com\/index.php\/wp-json\/wp\/v2\/media\/23942"}],"wp:attachment":[{"href":"https:\/\/elinformanteperu.com\/index.php\/wp-json\/wp\/v2\/media?parent=23940"}],"wp:term":[{"taxonomy":"category","embeddable":true,"href":"https:\/\/elinformanteperu.com\/index.php\/wp-json\/wp\/v2\/categories?post=23940"},{"taxonomy":"post_tag","embeddable":true,"href":"https:\/\/elinformanteperu.com\/index.php\/wp-json\/wp\/v2\/tags?post=23940"}],"curies":[{"name":"wp","href":"https:\/\/api.w.org\/{rel}","templated":true}]}}