{"id":23936,"date":"2018-03-22T23:27:45","date_gmt":"2018-03-23T04:27:45","guid":{"rendered":"http:\/\/elinformanteperu.com\/?p=23936"},"modified":"2018-03-22T23:27:45","modified_gmt":"2018-03-23T04:27:45","slug":"martin-vizcarra-jurara-como-presidente-y-luego-dara-mensaje-al-parlamento","status":"publish","type":"post","link":"https:\/\/elinformanteperu.com\/index.php\/2018\/03\/22\/martin-vizcarra-jurara-como-presidente-y-luego-dara-mensaje-al-parlamento\/","title":{"rendered":"Mart\u00edn Vizcarra jurar\u00e1 como Presidente y luego dar\u00e1 mensaje al Parlamento"},"content":{"rendered":"<p><strong><span style=\"color: #000000;\">El primer vicepresidente de la Rep\u00fablica, Mart\u00edn Vizcarra jurar\u00e1 al cargo de Presidente de la Rep\u00fablica ante el pleno del Congreso y luego ofrecer\u00e1 un mensaje al Legislativo.<\/span><\/strong><\/p>\n<p><span style=\"color: #000000;\"><strong>Lima, 22 Marzo 2018, (ANDINA).-<\/strong> El primer vicepresidente de la Rep\u00fablica, Mart\u00edn Alberto Vizcarra Cornejo, jurar\u00e1 ma\u00f1ana al cargo de Presidente de la Rep\u00fablica ante el pleno del Congreso y luego ofrecer\u00e1 un mensaje al Legislativo, inform\u00f3 el oficial mayor del Parlamento, Jos\u00e9 Cevasco.<\/span><\/p>\n<p><span style=\"color: #000000;\">Explic\u00f3 que la hora de la juramentaci\u00f3n depender\u00e1 de que el pleno del Congreso concluya con el debate de la resoluci\u00f3n legislativa que acepta la renuncia de Pedro Pablo Kuczynski.<\/span><\/p>\n<p><span style=\"color: #000000;\">La toma del juramento y la imposici\u00f3n de la banda presidencial a Mart\u00edn Vizcarra estar\u00e1 a cargo del presidente del Congreso, Luis Galarreta.<\/span><\/p>\n<p><span style=\"color: #000000;\">Jos\u00e9 Cesvaco inform\u00f3 que la ceremonia ser\u00e1 la misma que se desarrolla el 28 de julio, cuando se produce un cambio de mandato o cuando se ofrece el mensaje a la Naci\u00f3n.\u00a0<\/span><\/p>\n<p><span style=\"color: #000000;\">\u201cNo sabemos cu\u00e1nto tiempo durar\u00e1 la ceremonia, depender\u00e1 de los detalles protocolares que se imponen en este caso y del tiempo que necesite el se\u00f1or Mart\u00edn Vizcarra para dirigirse al Congreso de la Rep\u00fablica\u201d, apunt\u00f3.<\/span><\/p>\n<p><span style=\"color: #000000;\">Se\u00f1al\u00f3, asimismo, que realiza las coordinaciones con la Canciller\u00eda para que el mandatario renunciante, Pedro Pablo Kuczynski, remita al Parlamento la banda presidencial, el distintivo con el cual asumi\u00f3 la jefatura del Estado el 28 de julio del 2016.<\/span><\/p>\n<p><span style=\"color: #000000;\">\u201cEn cualquier instante de esta tarde recibiremos la banda presidencial\u201d, indic\u00f3.<\/span><\/p>\n<p><span style=\"color: #000000;\">En declaraciones a la prensa, Cevasco sostuvo que apenas el Congreso apruebe la resoluci\u00f3n legislativa que acepta la renuncia se publicar\u00e1 en el Diario Oficial El Peruano y en la p\u00e1gina web del Congreso, que tiene car\u00e1cter oficial.<\/span><\/p>\n<p><span style=\"color: #000000;\">La resoluci\u00f3n legislativa, adem\u00e1s, ser\u00e1 comunicada a las instituciones del Estado, dando a conocer que se acept\u00f3 la renuncia de Pedro Pablo Kuczynski y se tom\u00f3 juramento a Mart\u00edn Vizcarra como nuevo jefe del Estado.<\/span><\/p>\n<p><span style=\"color: #000000;\">El Parlamento, dijo, dispondr\u00e1 las medidas de seguridad que corresponden para este tipo de ceremonia.<\/span><\/p>\n<p><span style=\"color: #000000;\">Hoy en la tarde el Congreso inicia el debate para admitir la carta de renuncia presentada ayer por Pedro Pablo Kuczynski hasta las 22:00 horas, seg\u00fan un acuerdo de la Junta de Portavoces.<\/span><\/p>\n","protected":false},"excerpt":{"rendered":"<p>El primer vicepresidente de la Rep\u00fablica, Mart\u00edn Vizcarra jurar\u00e1 al cargo de Presidente de la Rep\u00fablica ante el pleno del Congreso y luego ofrecer\u00e1 un mensaje al Legislativo. Lima, 22 Marzo 2018, (ANDINA).- El primer vicepresidente de la Rep\u00fablica, Mart\u00edn Alberto Vizcarra Cornejo, jurar\u00e1 ma\u00f1ana al cargo de Presidente de la Rep\u00fablica ante el pleno [&hellip;]<\/p>\n","protected":false},"author":1,"featured_media":23938,"comment_status":"open","ping_status":"open","sticky":false,"template":"","format":"standard","meta":{"rop_custom_images_group":[],"rop_custom_messages_group":[],"rop_publish_now":"initial","rop_publish_now_accounts":[],"rop_publish_now_history":[],"rop_publish_now_status":"pending","footnotes":""},"categories":[5],"tags":[192,289],"class_list":["post-23936","post","type-post","status-publish","format-standard","has-post-thumbnail","hentry","category-actualidad-informativa","tag-congreso","tag-martin-vizcarra"],"_links":{"self":[{"href":"https:\/\/elinformanteperu.com\/index.php\/wp-json\/wp\/v2\/posts\/23936","targetHints":{"allow":["GET"]}}],"collection":[{"href":"https:\/\/elinformanteperu.com\/index.php\/wp-json\/wp\/v2\/posts"}],"about":[{"href":"https:\/\/elinformanteperu.com\/index.php\/wp-json\/wp\/v2\/types\/post"}],"author":[{"embeddable":true,"href":"https:\/\/elinformanteperu.com\/index.php\/wp-json\/wp\/v2\/users\/1"}],"replies":[{"embeddable":true,"href":"https:\/\/elinformanteperu.com\/index.php\/wp-json\/wp\/v2\/comments?post=23936"}],"version-history":[{"count":1,"href":"https:\/\/elinformanteperu.com\/index.php\/wp-json\/wp\/v2\/posts\/23936\/revisions"}],"predecessor-version":[{"id":23939,"href":"https:\/\/elinformanteperu.com\/index.php\/wp-json\/wp\/v2\/posts\/23936\/revisions\/23939"}],"wp:featuredmedia":[{"embeddable":true,"href":"https:\/\/elinformanteperu.com\/index.php\/wp-json\/wp\/v2\/media\/23938"}],"wp:attachment":[{"href":"https:\/\/elinformanteperu.com\/index.php\/wp-json\/wp\/v2\/media?parent=23936"}],"wp:term":[{"taxonomy":"category","embeddable":true,"href":"https:\/\/elinformanteperu.com\/index.php\/wp-json\/wp\/v2\/categories?post=23936"},{"taxonomy":"post_tag","embeddable":true,"href":"https:\/\/elinformanteperu.com\/index.php\/wp-json\/wp\/v2\/tags?post=23936"}],"curies":[{"name":"wp","href":"https:\/\/api.w.org\/{rel}","templated":true}]}}