{"id":23929,"date":"2018-03-22T22:04:47","date_gmt":"2018-03-23T03:04:47","guid":{"rendered":"http:\/\/elinformanteperu.com\/?p=23929"},"modified":"2018-03-22T22:04:47","modified_gmt":"2018-03-23T03:04:47","slug":"peru-croacia-gareca-anticipa-un-partido-con-mucha-intensidad","status":"publish","type":"post","link":"https:\/\/elinformanteperu.com\/index.php\/2018\/03\/22\/peru-croacia-gareca-anticipa-un-partido-con-mucha-intensidad\/","title":{"rendered":"Per\u00fa-Croacia: Gareca anticipa un partido con mucha intensidad"},"content":{"rendered":"<p><strong><span style=\"color: #000000;\">El seleccionador de Per\u00fa, el argentino Ricardo Gareca, anticip\u00f3 que espera sacar muchas conclusiones de cara al Mundial de Rusia 2018.<\/span><\/strong><\/p>\n<p><span style=\"color: #000000;\"><strong>Miami, 22 Marzo 2018, (ANDINA).-<\/strong> El seleccionador de Per\u00fa, el argentino Ricardo Gareca, anticip\u00f3 que espera sacar muchas conclusiones de cara al Mundial de Rusia 2018 en el partido que su combinado jugar\u00e1 este viernes frente a Croacia en Miami (Estados Unidos).<\/span><\/p>\n<p><span style=\"color: #000000;\">Gareca consider\u00f3 que a Per\u00fa le vendr\u00e1 \u00abmuy bien\u00bb jugar con equipos europeos, como har\u00e1 con Croacia y cuatro d\u00edas m\u00e1s tarde con Islandia, pues no se enfrenta a selecciones de ese continente desde hace cuatro a\u00f1os.<\/span><\/p>\n<p><span style=\"color: #000000;\">El t\u00e9cnico advirti\u00f3 que Croacia \u00abes un gran equipo, con una gran posesi\u00f3n\u00bb y augur\u00f3 que el partido tendr\u00e1 \u00abmucha intensidad\u00bb, aunque no cree que sea la misma que se alcance en la Copa del Mundo.<\/span><\/p>\n<p><span style=\"color: #000000;\">\u00abEs una etapa para consolidar muchas cuestiones, pero tambi\u00e9n dar oportunidades a los muchachos\u00bb, dijo Gareca, quien dirige a Per\u00fa desde marzo de 2015.<\/span><\/p>\n<p><span style=\"color: #000000;\">Sobre los cambios que tendr\u00e1 que hacer en su equipo titular por las ausencias del delantero Paolo Guerrero, el portero Pedro Gallese y el defensa Alberto Rodr\u00edguez, el seleccionador consider\u00f3 el funcionamiento del equipo \u00abno deber\u00eda resentirse\u00bb.<\/span><\/p>\n<p><span style=\"color: #000000;\">Gareca valor\u00f3 que en la selecci\u00f3n peruana hay buen ambiente y los novatos pronto se sienten a gusto, como les ocurre ahora al portero Alejandro Duarte y al centrocampista Roberto Siucho.<\/span><\/p>\n<p><span style=\"color: #000000;\">Al recordar que su primer partido al frente de Per\u00fa tambi\u00e9n fue en Miami hace tres a\u00f1os, Gareca record\u00f3 su periodo de seleccionador de la Blanquirroja como un tiempo \u00ablleno de dificultad y de emociones muy diferentes, pero que en definitiva termin\u00f3 bien con la clasificaci\u00f3n para el Mundial\u00bb.<\/span><\/p>\n<p><span style=\"color: #000000;\">\u00abViv\u00ed una emoci\u00f3n incre\u00edble y ahora la gran responsabilidad nuestra es seguir ratificando momentos. Ahora hay que olvidarse y tratar de ir a por nuevos objetivos\u00bb, concluy\u00f3.<\/span><\/p>\n<p><span style=\"color: #000000;\">Tras el partido con Croacia, la selecci\u00f3n peruana seguir\u00e1 concentrada en Fort Lauderdale (Florida) hasta el martes 27, cuando viajar\u00e1 a Nueva Jersey para jugar ese mismo d\u00eda el otro amistoso frente a Islandia, rival que qued\u00f3 por encima de los croatas en la fase de clasificaci\u00f3n para la Copa del Mundo.<\/span><\/p>\n<p><img fetchpriority=\"high\" decoding=\"async\" class=\"aligncenter size-full wp-image-23818\" src=\"http:\/\/elinformanteperu.com\/wp-content\/uploads\/2018\/03\/seleccion-miami2.jpg\" alt=\"\" width=\"1800\" height=\"1200\" srcset=\"https:\/\/elinformanteperu.com\/wp-content\/uploads\/2018\/03\/seleccion-miami2.jpg 1800w, https:\/\/elinformanteperu.com\/wp-content\/uploads\/2018\/03\/seleccion-miami2-300x200.jpg 300w, https:\/\/elinformanteperu.com\/wp-content\/uploads\/2018\/03\/seleccion-miami2-768x512.jpg 768w, https:\/\/elinformanteperu.com\/wp-content\/uploads\/2018\/03\/seleccion-miami2-1024x683.jpg 1024w, https:\/\/elinformanteperu.com\/wp-content\/uploads\/2018\/03\/seleccion-miami2-128x85.jpg 128w, https:\/\/elinformanteperu.com\/wp-content\/uploads\/2018\/03\/seleccion-miami2-32x21.jpg 32w\" sizes=\"(max-width: 1800px) 100vw, 1800px\" \/><\/p>\n","protected":false},"excerpt":{"rendered":"<p>El seleccionador de Per\u00fa, el argentino Ricardo Gareca, anticip\u00f3 que espera sacar muchas conclusiones de cara al Mundial de Rusia 2018. Miami, 22 Marzo 2018, (ANDINA).- El seleccionador de Per\u00fa, el argentino Ricardo Gareca, anticip\u00f3 que espera sacar muchas conclusiones de cara al Mundial de Rusia 2018 en el partido que su combinado jugar\u00e1 este [&hellip;]<\/p>\n","protected":false},"author":1,"featured_media":23931,"comment_status":"open","ping_status":"open","sticky":false,"template":"","format":"standard","meta":{"rop_custom_images_group":[],"rop_custom_messages_group":[],"rop_publish_now":"initial","rop_publish_now_accounts":[],"rop_publish_now_history":[],"rop_publish_now_status":"pending","footnotes":""},"categories":[8],"tags":[92,137],"class_list":["post-23929","post","type-post","status-publish","format-standard","has-post-thumbnail","hentry","category-disciplinas-deportivas","tag-ricardo-gareca","tag-seleccion-peruana"],"_links":{"self":[{"href":"https:\/\/elinformanteperu.com\/index.php\/wp-json\/wp\/v2\/posts\/23929","targetHints":{"allow":["GET"]}}],"collection":[{"href":"https:\/\/elinformanteperu.com\/index.php\/wp-json\/wp\/v2\/posts"}],"about":[{"href":"https:\/\/elinformanteperu.com\/index.php\/wp-json\/wp\/v2\/types\/post"}],"author":[{"embeddable":true,"href":"https:\/\/elinformanteperu.com\/index.php\/wp-json\/wp\/v2\/users\/1"}],"replies":[{"embeddable":true,"href":"https:\/\/elinformanteperu.com\/index.php\/wp-json\/wp\/v2\/comments?post=23929"}],"version-history":[{"count":1,"href":"https:\/\/elinformanteperu.com\/index.php\/wp-json\/wp\/v2\/posts\/23929\/revisions"}],"predecessor-version":[{"id":23932,"href":"https:\/\/elinformanteperu.com\/index.php\/wp-json\/wp\/v2\/posts\/23929\/revisions\/23932"}],"wp:featuredmedia":[{"embeddable":true,"href":"https:\/\/elinformanteperu.com\/index.php\/wp-json\/wp\/v2\/media\/23931"}],"wp:attachment":[{"href":"https:\/\/elinformanteperu.com\/index.php\/wp-json\/wp\/v2\/media?parent=23929"}],"wp:term":[{"taxonomy":"category","embeddable":true,"href":"https:\/\/elinformanteperu.com\/index.php\/wp-json\/wp\/v2\/categories?post=23929"},{"taxonomy":"post_tag","embeddable":true,"href":"https:\/\/elinformanteperu.com\/index.php\/wp-json\/wp\/v2\/tags?post=23929"}],"curies":[{"name":"wp","href":"https:\/\/api.w.org\/{rel}","templated":true}]}}