{"id":23856,"date":"2018-03-21T19:45:00","date_gmt":"2018-03-22T00:45:00","guid":{"rendered":"http:\/\/elinformanteperu.com\/?p=23856"},"modified":"2018-03-21T19:45:00","modified_gmt":"2018-03-22T00:45:00","slug":"nuevo-peru-pide-no-aceptar-renuncia-de-kuczynski-y-continuar-con-vacancia","status":"publish","type":"post","link":"https:\/\/elinformanteperu.com\/index.php\/2018\/03\/21\/nuevo-peru-pide-no-aceptar-renuncia-de-kuczynski-y-continuar-con-vacancia\/","title":{"rendered":"Nuevo Per\u00fa pide no aceptar renuncia de Kuczynski y continuar con vacancia"},"content":{"rendered":"<p><strong><span style=\"color: #000000;\">La bancada de Nuevo Per\u00fa plante\u00f3 no aceptar la renuncia de Pedro Pablo Kuczynski a la Presidencia de la Rep\u00fablica y continuar con el proceso de vacancia.<\/span><\/strong><\/p>\n<p><span style=\"color: #000000;\"><strong>Lima, 21 Marzo 2018, (ANDINA).-<\/strong> La bancada de Nuevo Per\u00fa plante\u00f3 no aceptar la renuncia de Pedro Pablo Kuczynski a la Presidencia de la Rep\u00fablica y continuar con el proceso de vacancia al que iba a ser sometido ma\u00f1ana en el Congreso.<\/span><\/p>\n<p><span style=\"color: #000000;\">El vocero de esta organizaci\u00f3n pol\u00edtica de izquierda, Alberto Quintanilla, dijo que se inclinan por no aceptar la renuncia debido a que Kuczynski no realiz\u00f3 ning\u00fan \u201cmea culpa\u201d en el mensaje que dirigi\u00f3 a la Naci\u00f3n esta tarde.<\/span><\/p>\n<p><span style=\"color: #000000;\">\u201cNo hizo un &#8216;mea culpa&#8217; y, por el contrario, ha pretendido presentar al Congreso como el que ha entorpecido su gesti\u00f3n\u201d, manifest\u00f3 en un pronunciamiento ante la prensa.<\/span><\/p>\n<p><span style=\"color: #000000;\">Quintanilla ratific\u00f3 que, a juicio de Nuevo Per\u00fa, Kuczynski hizo \u201cnegocios\u201d aprovechando su condici\u00f3n de funcionario, lo cual perjudic\u00f3 los intereses del pa\u00eds.<\/span><\/p>\n<p><span style=\"color: #000000;\">\u201cEsa es la raz\u00f3n por la cual deber\u00eda ser vacado\u201d, manifest\u00f3.<\/span><\/p>\n<p><span style=\"color: #000000;\">Asimismo, el parlamentario a\u00f1adi\u00f3 que pedir\u00e1 al Congreso iniciar un juicio de residencia a Kuczynski, a fin de evitar su eventual salida del pa\u00eds, debido a la presunta comisi\u00f3n de delitos en su gesti\u00f3n.<\/span><\/p>\n<p><span style=\"color: #000000;\">\u201cVamos a trabajar por la profunda renovaci\u00f3n de la pol\u00edtica del pa\u00eds y que el Per\u00fa tenga la oportunidad de salir adelante\u201d, dijo<\/span><\/p>\n<p><span style=\"color: #000000;\">Kuczynski renunci\u00f3 esta tarde como ep\u00edlogo de la crisis pol\u00edtica que en la v\u00edspera arreci\u00f3 con la difusi\u00f3n de videos en los cuales se apreciaba presuntamente ofrecimientos a parlamentarios de oposici\u00f3n para evitar su voto a favor de la vacancia.<\/span><\/p>\n","protected":false},"excerpt":{"rendered":"<p>La bancada de Nuevo Per\u00fa plante\u00f3 no aceptar la renuncia de Pedro Pablo Kuczynski a la Presidencia de la Rep\u00fablica y continuar con el proceso de vacancia. Lima, 21 Marzo 2018, (ANDINA).- La bancada de Nuevo Per\u00fa plante\u00f3 no aceptar la renuncia de Pedro Pablo Kuczynski a la Presidencia de la Rep\u00fablica y continuar con [&hellip;]<\/p>\n","protected":false},"author":1,"featured_media":23857,"comment_status":"open","ping_status":"open","sticky":false,"template":"","format":"standard","meta":{"rop_custom_images_group":[],"rop_custom_messages_group":[],"rop_publish_now":"initial","rop_publish_now_accounts":[],"rop_publish_now_history":[],"rop_publish_now_status":"pending","footnotes":""},"categories":[5],"tags":[446,74,2577],"class_list":["post-23856","post","type-post","status-publish","format-standard","has-post-thumbnail","hentry","category-actualidad-informativa","tag-nuevo-peru","tag-pedro-pablo-kuczynski","tag-vacancia-ppk"],"_links":{"self":[{"href":"https:\/\/elinformanteperu.com\/index.php\/wp-json\/wp\/v2\/posts\/23856","targetHints":{"allow":["GET"]}}],"collection":[{"href":"https:\/\/elinformanteperu.com\/index.php\/wp-json\/wp\/v2\/posts"}],"about":[{"href":"https:\/\/elinformanteperu.com\/index.php\/wp-json\/wp\/v2\/types\/post"}],"author":[{"embeddable":true,"href":"https:\/\/elinformanteperu.com\/index.php\/wp-json\/wp\/v2\/users\/1"}],"replies":[{"embeddable":true,"href":"https:\/\/elinformanteperu.com\/index.php\/wp-json\/wp\/v2\/comments?post=23856"}],"version-history":[{"count":1,"href":"https:\/\/elinformanteperu.com\/index.php\/wp-json\/wp\/v2\/posts\/23856\/revisions"}],"predecessor-version":[{"id":23858,"href":"https:\/\/elinformanteperu.com\/index.php\/wp-json\/wp\/v2\/posts\/23856\/revisions\/23858"}],"wp:featuredmedia":[{"embeddable":true,"href":"https:\/\/elinformanteperu.com\/index.php\/wp-json\/wp\/v2\/media\/23857"}],"wp:attachment":[{"href":"https:\/\/elinformanteperu.com\/index.php\/wp-json\/wp\/v2\/media?parent=23856"}],"wp:term":[{"taxonomy":"category","embeddable":true,"href":"https:\/\/elinformanteperu.com\/index.php\/wp-json\/wp\/v2\/categories?post=23856"},{"taxonomy":"post_tag","embeddable":true,"href":"https:\/\/elinformanteperu.com\/index.php\/wp-json\/wp\/v2\/tags?post=23856"}],"curies":[{"name":"wp","href":"https:\/\/api.w.org\/{rel}","templated":true}]}}