{"id":23853,"date":"2018-03-21T19:40:34","date_gmt":"2018-03-22T00:40:34","guid":{"rendered":"http:\/\/elinformanteperu.com\/?p=23853"},"modified":"2018-03-21T19:40:34","modified_gmt":"2018-03-22T00:40:34","slug":"pedro-pablo-kuczynski-anuncio-su-renuncia-a-la-presidencia-de-la-republica","status":"publish","type":"post","link":"https:\/\/elinformanteperu.com\/index.php\/2018\/03\/21\/pedro-pablo-kuczynski-anuncio-su-renuncia-a-la-presidencia-de-la-republica\/","title":{"rendered":"Pedro Pablo Kuczynski anunci\u00f3 su renuncia a la Presidencia de la Rep\u00fablica"},"content":{"rendered":"<p><strong><span style=\"color: #000000;\">El mandatario Pedro Pablo Kuczynski anunci\u00f3 su renuncia a la Presidencia de la Rep\u00fablica. Estas son las principales frases que dej\u00f3 su \u00faltimo mensaje a la Naci\u00f3n.<\/span><\/strong><\/p>\n<p><span style=\"color: #000000;\"><strong>Lima, 21 Marzo 2018, (ANDINA).-<\/strong> El mandatario Pedro Pablo Kuczynski anunci\u00f3 su renuncia a la Presidencia de la Rep\u00fablica. Estas son las principales frases que dej\u00f3 su \u00faltimo mensaje a la Naci\u00f3n.<\/span><\/p>\n<p><span style=\"color: #000000;\">&#8211; \u00abEl 28 de julio asum\u00ed, por mandato del pueblo, la Presidencia de la Rep\u00fablica, la cual he venido desempe\u00f1ando dando lo mejor de m\u00ed, a pesar de la constante obstaculizaci\u00f3n y ataques de los cuales he sido objeto por parte de la mayor\u00eda legislativa desde el primer d\u00eda de mi gobierno\u00bb.<\/span><\/p>\n<p><span style=\"color: #000000;\">&#8211; \u00abFrente a esta dif\u00edcil situaci\u00f3n que se ha generado y me hace injustamente aparecer culpable en actos que no he participado, pienso en que lo mejor para el pa\u00eds es que yo renuncie a la Presidencia de la Rep\u00fablica\u00bb.<\/span><\/p>\n<p><span style=\"color: #000000;\">&#8211; \u00abNo quiero ser un escollo para que la Naci\u00f3n encuentre la senda de unidad y armon\u00eda que tanto necesita y que a m\u00ed me negaron\u00bb.<\/span><\/p>\n<p><span style=\"color: #000000;\">-\u00bb No quiero que ni la Patria ni mi familia sigan sufriendo con la incertidumbre de los \u00faltimos tiempos\u00bb.<\/span><\/p>\n<p><span style=\"color: #000000;\">&#8211; \u00abHabr\u00e1 una transici\u00f3n constitucionalmente ordenada\u00bb.<\/span><\/p>\n<p><span style=\"color: #000000;\">&#8211; \u00abAgradezco a todos los que me ayudaron en mis dos campa\u00f1as, a quienes se han esforzado como ministros\u00bb, parlamentarios, colaboradores y a quienes me ayudaron en el pasado.<\/span><\/p>\n<p><span style=\"color: #000000;\">&#8211; \u00abGracias a todos, gracias siempre con todo mi coraz\u00f3n\u00bb.<\/span><\/p>\n<p><span style=\"color: #000000;\">&#8211; \u00abHe trabajado casi 60 a\u00f1os de mi vida con total honestidad, la oposici\u00f3n ha tratado de pintarme como si fuera una persona corrupta y ha conseguido afectar a un grupo de trabajadores sencillos y honestos que laboran en mi domicilio, involucr\u00e1ndonos injustamente en esta artima\u00f1a de demolici\u00f3n contra el gobierno\u00bb.<\/span><\/p>\n<p><span style=\"color: #000000;\">&#8211; \u00abRechazo categ\u00f3ricamente las afirmaciones nunca comprobadas y reafirmo mi compromiso con un Per\u00fa honesto, moral y justo para todos\u00bb.<\/span><\/p>\n<p><span style=\"color: #000000;\">&#8211; \u00abRemito al Congreso el original de esta carta que estoy transmitiendo al Per\u00fa renunciando al cargo de presidente constitucional de la Rep\u00fablica. Seguir\u00e9 comprometido por siempre con el desarrollo del Per\u00fa\u00bb.<\/span><\/p>\n<p><span style=\"color: #000000;\">&#8211; \u00abDada esta crisis generada por actos pol\u00edticos subjetivos es importante para la Naci\u00f3n que nos aboquemos a las reformas pol\u00edticas constitucionales que permitir\u00e1n no volver a pasar este dif\u00edcil trance y poder as\u00ed iniciar un nuevo cap\u00edtulo hacia el progreso y la justicia\u00bb.<\/span><\/p>\n<p><span style=\"color: #000000;\">&#8211; \u00abQue Dios bendiga al Per\u00fa\u00bb.<\/span><\/p>\n<p><iframe src=\"https:\/\/www.youtube-nocookie.com\/embed\/6IK-jrBYqfc?rel=0&amp;controls=0&amp;showinfo=0\" width=\"560\" height=\"315\" frameborder=\"0\" allowfullscreen=\"allowfullscreen\"><\/iframe><\/p>\n","protected":false},"excerpt":{"rendered":"<p>El mandatario Pedro Pablo Kuczynski anunci\u00f3 su renuncia a la Presidencia de la Rep\u00fablica. Estas son las principales frases que dej\u00f3 su \u00faltimo mensaje a la Naci\u00f3n. Lima, 21 Marzo 2018, (ANDINA).- El mandatario Pedro Pablo Kuczynski anunci\u00f3 su renuncia a la Presidencia de la Rep\u00fablica. Estas son las principales frases que dej\u00f3 su \u00faltimo [&hellip;]<\/p>\n","protected":false},"author":1,"featured_media":23854,"comment_status":"open","ping_status":"open","sticky":false,"template":"","format":"standard","meta":{"rop_custom_images_group":[],"rop_custom_messages_group":[],"rop_publish_now":"initial","rop_publish_now_accounts":[],"rop_publish_now_history":[],"rop_publish_now_status":"pending","footnotes":""},"categories":[5],"tags":[74,2577],"class_list":["post-23853","post","type-post","status-publish","format-standard","has-post-thumbnail","hentry","category-actualidad-informativa","tag-pedro-pablo-kuczynski","tag-vacancia-ppk"],"_links":{"self":[{"href":"https:\/\/elinformanteperu.com\/index.php\/wp-json\/wp\/v2\/posts\/23853","targetHints":{"allow":["GET"]}}],"collection":[{"href":"https:\/\/elinformanteperu.com\/index.php\/wp-json\/wp\/v2\/posts"}],"about":[{"href":"https:\/\/elinformanteperu.com\/index.php\/wp-json\/wp\/v2\/types\/post"}],"author":[{"embeddable":true,"href":"https:\/\/elinformanteperu.com\/index.php\/wp-json\/wp\/v2\/users\/1"}],"replies":[{"embeddable":true,"href":"https:\/\/elinformanteperu.com\/index.php\/wp-json\/wp\/v2\/comments?post=23853"}],"version-history":[{"count":1,"href":"https:\/\/elinformanteperu.com\/index.php\/wp-json\/wp\/v2\/posts\/23853\/revisions"}],"predecessor-version":[{"id":23855,"href":"https:\/\/elinformanteperu.com\/index.php\/wp-json\/wp\/v2\/posts\/23853\/revisions\/23855"}],"wp:featuredmedia":[{"embeddable":true,"href":"https:\/\/elinformanteperu.com\/index.php\/wp-json\/wp\/v2\/media\/23854"}],"wp:attachment":[{"href":"https:\/\/elinformanteperu.com\/index.php\/wp-json\/wp\/v2\/media?parent=23853"}],"wp:term":[{"taxonomy":"category","embeddable":true,"href":"https:\/\/elinformanteperu.com\/index.php\/wp-json\/wp\/v2\/categories?post=23853"},{"taxonomy":"post_tag","embeddable":true,"href":"https:\/\/elinformanteperu.com\/index.php\/wp-json\/wp\/v2\/tags?post=23853"}],"curies":[{"name":"wp","href":"https:\/\/api.w.org\/{rel}","templated":true}]}}