{"id":23850,"date":"2018-03-21T19:31:51","date_gmt":"2018-03-22T00:31:51","guid":{"rendered":"http:\/\/elinformanteperu.com\/?p=23850"},"modified":"2018-03-21T19:31:51","modified_gmt":"2018-03-22T00:31:51","slug":"kuczynski-se-retiro-de-palacio-de-gobierno","status":"publish","type":"post","link":"https:\/\/elinformanteperu.com\/index.php\/2018\/03\/21\/kuczynski-se-retiro-de-palacio-de-gobierno\/","title":{"rendered":"Kuczynski se retir\u00f3 de Palacio de Gobierno"},"content":{"rendered":"<p><strong><span style=\"color: #000000;\">El presidente Pedro Pablo Kuczynski se retir\u00f3 de Palacio de Gobierno, donde fue despedido en el Patio de Honor por parte del personal que labora en la sede del Ejecutivo.<\/span><\/strong><\/p>\n<p><span style=\"color: #000000;\"><strong>Lima, 21 Marzo 2018, (ANDINA).-<\/strong> El presidente Pedro Pablo Kuczynski se retir\u00f3 de Palacio de Gobierno, donde fue despedido en el Patio de Honor por parte del personal que labora en la sede del Ejecutivo.<\/span><\/p>\n<p><span style=\"color: #000000;\">Previo al retiro, al mandatario se le observ\u00f3 hablando por el tel\u00e9fono.<\/span><\/p>\n<p><span style=\"color: #000000;\">Para las 14:30 horas estaba prevista la difusi\u00f3n del Mensaje a la Naci\u00f3n que ofreci\u00f3 el jefe del Estado donde anunci\u00f3 su renuncia a la presidencia de la Rep\u00fablica.<\/span><\/p>\n<p><iframe src=\"https:\/\/www.youtube-nocookie.com\/embed\/QTjAF_NjFK0?rel=0&amp;controls=0&amp;showinfo=0\" width=\"560\" height=\"315\" frameborder=\"0\" allowfullscreen=\"allowfullscreen\"><\/iframe><\/p>\n","protected":false},"excerpt":{"rendered":"<p>El presidente Pedro Pablo Kuczynski se retir\u00f3 de Palacio de Gobierno, donde fue despedido en el Patio de Honor por parte del personal que labora en la sede del Ejecutivo. Lima, 21 Marzo 2018, (ANDINA).- El presidente Pedro Pablo Kuczynski se retir\u00f3 de Palacio de Gobierno, donde fue despedido en el Patio de Honor por [&hellip;]<\/p>\n","protected":false},"author":1,"featured_media":23851,"comment_status":"open","ping_status":"open","sticky":false,"template":"","format":"standard","meta":{"rop_custom_images_group":[],"rop_custom_messages_group":[],"rop_publish_now":"initial","rop_publish_now_accounts":[],"rop_publish_now_history":[],"rop_publish_now_status":"pending","footnotes":""},"categories":[5],"tags":[74,2577],"class_list":["post-23850","post","type-post","status-publish","format-standard","has-post-thumbnail","hentry","category-actualidad-informativa","tag-pedro-pablo-kuczynski","tag-vacancia-ppk"],"_links":{"self":[{"href":"https:\/\/elinformanteperu.com\/index.php\/wp-json\/wp\/v2\/posts\/23850","targetHints":{"allow":["GET"]}}],"collection":[{"href":"https:\/\/elinformanteperu.com\/index.php\/wp-json\/wp\/v2\/posts"}],"about":[{"href":"https:\/\/elinformanteperu.com\/index.php\/wp-json\/wp\/v2\/types\/post"}],"author":[{"embeddable":true,"href":"https:\/\/elinformanteperu.com\/index.php\/wp-json\/wp\/v2\/users\/1"}],"replies":[{"embeddable":true,"href":"https:\/\/elinformanteperu.com\/index.php\/wp-json\/wp\/v2\/comments?post=23850"}],"version-history":[{"count":1,"href":"https:\/\/elinformanteperu.com\/index.php\/wp-json\/wp\/v2\/posts\/23850\/revisions"}],"predecessor-version":[{"id":23852,"href":"https:\/\/elinformanteperu.com\/index.php\/wp-json\/wp\/v2\/posts\/23850\/revisions\/23852"}],"wp:featuredmedia":[{"embeddable":true,"href":"https:\/\/elinformanteperu.com\/index.php\/wp-json\/wp\/v2\/media\/23851"}],"wp:attachment":[{"href":"https:\/\/elinformanteperu.com\/index.php\/wp-json\/wp\/v2\/media?parent=23850"}],"wp:term":[{"taxonomy":"category","embeddable":true,"href":"https:\/\/elinformanteperu.com\/index.php\/wp-json\/wp\/v2\/categories?post=23850"},{"taxonomy":"post_tag","embeddable":true,"href":"https:\/\/elinformanteperu.com\/index.php\/wp-json\/wp\/v2\/tags?post=23850"}],"curies":[{"name":"wp","href":"https:\/\/api.w.org\/{rel}","templated":true}]}}