{"id":23804,"date":"2018-03-19T21:44:50","date_gmt":"2018-03-20T02:44:50","guid":{"rendered":"http:\/\/elinformanteperu.com\/?p=23804"},"modified":"2018-03-19T21:44:50","modified_gmt":"2018-03-20T02:44:50","slug":"asi-fue-el-concierto-de-depeche-mode-en-lima","status":"publish","type":"post","link":"https:\/\/elinformanteperu.com\/index.php\/2018\/03\/19\/asi-fue-el-concierto-de-depeche-mode-en-lima\/","title":{"rendered":"As\u00ed fue el concierto de Depeche Mode en Lima"},"content":{"rendered":"<p><strong><span style=\"color: #000000;\">Depeche Mode llen\u00f3 la noche y parte de la madrugada lime\u00f1a con su \u00fanico show, tras una larga espera por parte de sus seguidores que\u00a0 aguardaban las horas para verlos.<\/span><\/strong><\/p>\n<p><span style=\"color: #000000;\"><strong>Lima, 19 Marzo 2018, (ANDINA).-<\/strong> Depeche Mode llen\u00f3 la noche y parte de la madrugada lime\u00f1a con su \u00fanico show, tras una larga espera por parte de sus seguidores que apenas se hizo el anuncio de su concierto aguardaban las horas para verlos en el escenario.<\/span><\/p>\n<p><span style=\"color: #000000;\">La agrupaci\u00f3n lleg\u00f3 a nuestro pa\u00eds como parte de su Global Spirit Tour, t\u00edtulo de su \u00faltima producci\u00f3n musical.<\/span><\/p>\n<p><span style=\"color: #000000;\">La llegada que tiene la agrupaci\u00f3n entre los peruanos es fuerte, no en vano sus seguidores no dudaron en acampar desde el s\u00e1bado en las inmediaciones del Estadio Nacional para ser los primeros en ingresar al recinto y obtener la mejor ubicaci\u00f3n.<\/span><\/p>\n<p><img fetchpriority=\"high\" decoding=\"async\" class=\"aligncenter size-full wp-image-23806\" src=\"http:\/\/elinformanteperu.com\/wp-content\/uploads\/2018\/03\/depeche-mode-lima1.jpg\" alt=\"\" width=\"1800\" height=\"1350\" srcset=\"https:\/\/elinformanteperu.com\/wp-content\/uploads\/2018\/03\/depeche-mode-lima1.jpg 1800w, https:\/\/elinformanteperu.com\/wp-content\/uploads\/2018\/03\/depeche-mode-lima1-300x225.jpg 300w, https:\/\/elinformanteperu.com\/wp-content\/uploads\/2018\/03\/depeche-mode-lima1-768x576.jpg 768w, https:\/\/elinformanteperu.com\/wp-content\/uploads\/2018\/03\/depeche-mode-lima1-1024x768.jpg 1024w, https:\/\/elinformanteperu.com\/wp-content\/uploads\/2018\/03\/depeche-mode-lima1-128x96.jpg 128w, https:\/\/elinformanteperu.com\/wp-content\/uploads\/2018\/03\/depeche-mode-lima1-32x24.jpg 32w\" sizes=\"(max-width: 1800px) 100vw, 1800px\" \/><\/p>\n<p><span style=\"color: #000000;\">El l\u00edder y vocalista de la agrupaci\u00f3n Dave Gahan se dirigi\u00f3 al p\u00fablico con un \u00ables decimos gracias. Aqu\u00ed estamos, Lima\u00bb entablando uno de sus primeros contactos con el p\u00fablico.<\/span><\/p>\n<p><span style=\"color: #000000;\">Los temas que se dejaron escuchar en la noche de concierto y que llevaron a los asistentes a retumbar el Estadio Nacional fueron, entre otros, \u00abBackwards\u00bb, \u00abIt&#8217;s not good\u00bb, \u00abBarrel of a gun\u00bb y \u00abA pain that I&#8217;m used to\u00bb.<\/span><\/p>\n<p><span style=\"color: #000000;\">La gira que arranc\u00f3 en Mil\u00e1n va a abarcar otras ciudades de Am\u00e9rica.<\/span><\/p>\n<p><span style=\"color: #000000;\">Antes de llegar a Lima, la agrupaci\u00f3n estuvo en M\u00e9xico y Colombia, el 13 y 16 de este mes.<\/span><\/p>\n<p><iframe src=\"https:\/\/www.youtube-nocookie.com\/embed\/i4VJc1FD37Q?rel=0&amp;controls=0&amp;showinfo=0\" width=\"560\" height=\"315\" frameborder=\"0\" allowfullscreen=\"allowfullscreen\"><\/iframe><\/p>\n","protected":false},"excerpt":{"rendered":"<p>Depeche Mode llen\u00f3 la noche y parte de la madrugada lime\u00f1a con su \u00fanico show, tras una larga espera por parte de sus seguidores que\u00a0 aguardaban las horas para verlos. Lima, 19 Marzo 2018, (ANDINA).- Depeche Mode llen\u00f3 la noche y parte de la madrugada lime\u00f1a con su \u00fanico show, tras una larga espera por [&hellip;]<\/p>\n","protected":false},"author":1,"featured_media":23805,"comment_status":"open","ping_status":"open","sticky":false,"template":"","format":"standard","meta":{"rop_custom_images_group":[],"rop_custom_messages_group":[],"rop_publish_now":"initial","rop_publish_now_accounts":[],"rop_publish_now_history":[],"rop_publish_now_status":"pending","footnotes":""},"categories":[69],"tags":[1027],"class_list":["post-23804","post","type-post","status-publish","format-standard","has-post-thumbnail","hentry","category-musica","tag-depeche-mode"],"_links":{"self":[{"href":"https:\/\/elinformanteperu.com\/index.php\/wp-json\/wp\/v2\/posts\/23804","targetHints":{"allow":["GET"]}}],"collection":[{"href":"https:\/\/elinformanteperu.com\/index.php\/wp-json\/wp\/v2\/posts"}],"about":[{"href":"https:\/\/elinformanteperu.com\/index.php\/wp-json\/wp\/v2\/types\/post"}],"author":[{"embeddable":true,"href":"https:\/\/elinformanteperu.com\/index.php\/wp-json\/wp\/v2\/users\/1"}],"replies":[{"embeddable":true,"href":"https:\/\/elinformanteperu.com\/index.php\/wp-json\/wp\/v2\/comments?post=23804"}],"version-history":[{"count":1,"href":"https:\/\/elinformanteperu.com\/index.php\/wp-json\/wp\/v2\/posts\/23804\/revisions"}],"predecessor-version":[{"id":23807,"href":"https:\/\/elinformanteperu.com\/index.php\/wp-json\/wp\/v2\/posts\/23804\/revisions\/23807"}],"wp:featuredmedia":[{"embeddable":true,"href":"https:\/\/elinformanteperu.com\/index.php\/wp-json\/wp\/v2\/media\/23805"}],"wp:attachment":[{"href":"https:\/\/elinformanteperu.com\/index.php\/wp-json\/wp\/v2\/media?parent=23804"}],"wp:term":[{"taxonomy":"category","embeddable":true,"href":"https:\/\/elinformanteperu.com\/index.php\/wp-json\/wp\/v2\/categories?post=23804"},{"taxonomy":"post_tag","embeddable":true,"href":"https:\/\/elinformanteperu.com\/index.php\/wp-json\/wp\/v2\/tags?post=23804"}],"curies":[{"name":"wp","href":"https:\/\/api.w.org\/{rel}","templated":true}]}}