{"id":23778,"date":"2018-03-19T00:17:44","date_gmt":"2018-03-19T05:17:44","guid":{"rendered":"http:\/\/elinformanteperu.com\/?p=23778"},"modified":"2018-03-19T00:17:44","modified_gmt":"2018-03-19T05:17:44","slug":"seleccion-peruana-tuvo-emotivo-recibimiento-en-miami","status":"publish","type":"post","link":"https:\/\/elinformanteperu.com\/index.php\/2018\/03\/19\/seleccion-peruana-tuvo-emotivo-recibimiento-en-miami\/","title":{"rendered":"Selecci\u00f3n peruana tuvo emotivo recibimiento en Miami"},"content":{"rendered":"<p><strong><span style=\"color: #000000;\">La selecci\u00f3n peruana ya se encuentra en Miami para enfrentar a Croacia e Islandia, sus dos primeros partidos amistosos previo al Mundial de Rusia 2018.\u00a0<\/span><\/strong><\/p>\n<p><span style=\"color: #000000;\"><strong>Miami, 18 Marzo 2018, (ANDINA).-<\/strong> La selecci\u00f3n peruana ya se encuentra en Miami para enfrentar a Croacia e Islandia, sus dos primeros partidos amistosos previo al Mundial de Rusia 2018. La escuadra nacional tuvo un caluroso recibimiento a su llegada a Florida.<\/span><\/p>\n<p><span style=\"color: #000000;\">Tras viajar por un espacio de cinco horas y medias, la Blanquirroja al mando del t\u00e9cnico Ricardo Gareca arrib\u00f3 con optimismo y fue recibido por un nutrido grupo de hinchas peruanos, quienes coparon la salida del aeropuerto Wilcox Field para tomarse fotos con sus \u00eddolos.<\/span><\/p>\n<p><span style=\"color: #000000;\">Uno de los jugadores m\u00e1s asediados fue el delantero del Lokomotiv, Jefferson Farf\u00e1n. La afici\u00f3n tambi\u00e9n busc\u00f3 al t\u00e9cnico Gareca, a quien abrazaron y le ofrecieron motivos saludos.<\/span><\/p>\n<p><span style=\"color: #000000;\">El grupo de jugadores que parti\u00f3 desde Lima a Florida estuvo formado por Carlos C\u00e1ceda, Alejandro Duarte, Miguel Araujo, Nilson Loyola, Jos\u00e9 Carvallo, Aldo Corzo, Roberto Siucho, Jefferson Farf\u00e1n, Luis Adv\u00edncula y Andy Polo.<\/span><\/p>\n<p><span style=\"color: #000000;\">Casi al mismo tiempo hizo su llegada a esa ciudad estadounidense, Ra\u00fal Ruid\u00edaz, quien viaj\u00f3 directo de M\u00e9xico a Miami<\/span><\/p>\n<p><span style=\"color: #000000;\">Tras descender de la nave, la delegaci\u00f3n nacional qued\u00f3 concentrado en el Sawgrass Grand Hotel, que posee un polideportivo.<\/span><\/p>\n<p><span style=\"color: #000000;\">La selecci\u00f3n no reconocer\u00e1 el &#8216;Hard Rock Stadium&#8217; de Miami, recinto en el que chocar\u00e1 contra Croacia, el viernes 23.<\/span><\/p>\n<p><span style=\"color: #000000;\">Posterior a ese d\u00eda, los de Gareca entrenar\u00e1n en el polideportivo, con miras a su vuelo a New Jersey, en donde enfrentar\u00e1 a Islandia en su segundo duelo amistoso.<\/span><\/p>\n<p><span style=\"color: #000000;\">Per\u00fa tendr\u00e1 su primera prueba ante Croacia el pr\u00f3ximo 23 de marzo en el Hard Rock Stadium. El segundo examen ser\u00e1 frente a Islandia. El amistoso est\u00e1 programado para el 27 y se jugar\u00e1 en el Red Bull Stadium de Nueva Jersey.<\/span><\/p>\n<p><img fetchpriority=\"high\" decoding=\"async\" class=\"aligncenter size-full wp-image-23780\" src=\"http:\/\/elinformanteperu.com\/wp-content\/uploads\/2018\/03\/peru-llegada-a-miami.jpg\" alt=\"\" width=\"1800\" height=\"1202\" srcset=\"https:\/\/elinformanteperu.com\/wp-content\/uploads\/2018\/03\/peru-llegada-a-miami.jpg 1800w, https:\/\/elinformanteperu.com\/wp-content\/uploads\/2018\/03\/peru-llegada-a-miami-300x200.jpg 300w, https:\/\/elinformanteperu.com\/wp-content\/uploads\/2018\/03\/peru-llegada-a-miami-768x513.jpg 768w, https:\/\/elinformanteperu.com\/wp-content\/uploads\/2018\/03\/peru-llegada-a-miami-1024x684.jpg 1024w, https:\/\/elinformanteperu.com\/wp-content\/uploads\/2018\/03\/peru-llegada-a-miami-128x85.jpg 128w, https:\/\/elinformanteperu.com\/wp-content\/uploads\/2018\/03\/peru-llegada-a-miami-32x21.jpg 32w\" sizes=\"(max-width: 1800px) 100vw, 1800px\" \/><\/p>\n","protected":false},"excerpt":{"rendered":"<p>La selecci\u00f3n peruana ya se encuentra en Miami para enfrentar a Croacia e Islandia, sus dos primeros partidos amistosos previo al Mundial de Rusia 2018.\u00a0 Miami, 18 Marzo 2018, (ANDINA).- La selecci\u00f3n peruana ya se encuentra en Miami para enfrentar a Croacia e Islandia, sus dos primeros partidos amistosos previo al Mundial de Rusia 2018. [&hellip;]<\/p>\n","protected":false},"author":1,"featured_media":23779,"comment_status":"open","ping_status":"open","sticky":false,"template":"","format":"standard","meta":{"rop_custom_images_group":[],"rop_custom_messages_group":[],"rop_publish_now":"initial","rop_publish_now_accounts":[],"rop_publish_now_history":[],"rop_publish_now_status":"pending","footnotes":""},"categories":[8],"tags":[137],"class_list":["post-23778","post","type-post","status-publish","format-standard","has-post-thumbnail","hentry","category-disciplinas-deportivas","tag-seleccion-peruana"],"_links":{"self":[{"href":"https:\/\/elinformanteperu.com\/index.php\/wp-json\/wp\/v2\/posts\/23778","targetHints":{"allow":["GET"]}}],"collection":[{"href":"https:\/\/elinformanteperu.com\/index.php\/wp-json\/wp\/v2\/posts"}],"about":[{"href":"https:\/\/elinformanteperu.com\/index.php\/wp-json\/wp\/v2\/types\/post"}],"author":[{"embeddable":true,"href":"https:\/\/elinformanteperu.com\/index.php\/wp-json\/wp\/v2\/users\/1"}],"replies":[{"embeddable":true,"href":"https:\/\/elinformanteperu.com\/index.php\/wp-json\/wp\/v2\/comments?post=23778"}],"version-history":[{"count":1,"href":"https:\/\/elinformanteperu.com\/index.php\/wp-json\/wp\/v2\/posts\/23778\/revisions"}],"predecessor-version":[{"id":23781,"href":"https:\/\/elinformanteperu.com\/index.php\/wp-json\/wp\/v2\/posts\/23778\/revisions\/23781"}],"wp:featuredmedia":[{"embeddable":true,"href":"https:\/\/elinformanteperu.com\/index.php\/wp-json\/wp\/v2\/media\/23779"}],"wp:attachment":[{"href":"https:\/\/elinformanteperu.com\/index.php\/wp-json\/wp\/v2\/media?parent=23778"}],"wp:term":[{"taxonomy":"category","embeddable":true,"href":"https:\/\/elinformanteperu.com\/index.php\/wp-json\/wp\/v2\/categories?post=23778"},{"taxonomy":"post_tag","embeddable":true,"href":"https:\/\/elinformanteperu.com\/index.php\/wp-json\/wp\/v2\/tags?post=23778"}],"curies":[{"name":"wp","href":"https:\/\/api.w.org\/{rel}","templated":true}]}}