{"id":23660,"date":"2018-03-14T22:44:15","date_gmt":"2018-03-15T03:44:15","guid":{"rendered":"http:\/\/elinformanteperu.com\/?p=23660"},"modified":"2018-03-14T22:44:15","modified_gmt":"2018-03-15T03:44:15","slug":"evo-morales-pide-al-peru-dejar-sin-efecto-retiro-de-invitacion-a-maduro","status":"publish","type":"post","link":"https:\/\/elinformanteperu.com\/index.php\/2018\/03\/14\/evo-morales-pide-al-peru-dejar-sin-efecto-retiro-de-invitacion-a-maduro\/","title":{"rendered":"Evo Morales pide al Per\u00fa dejar sin efecto retiro de invitaci\u00f3n a Maduro"},"content":{"rendered":"<p><strong><span style=\"color: #000000;\">El presidente de Bolivia, Evo Morales, pidi\u00f3 al Per\u00fa dejar sin efecto el retiro de la invitaci\u00f3n de Nicol\u00e1s Maduro a la VIII Cumbre de las Am\u00e9ricas.<\/span><\/strong><\/p>\n<p><span style=\"color: #000000;\"><strong>La Paz, 14 Marzo 2018, (ANDINA).-<\/strong> El presidente de Bolivia, Evo Morales, pidi\u00f3 al Per\u00fa dejar sin efecto el retiro de la invitaci\u00f3n de Nicol\u00e1s Maduro a la VIII Cumbre de las Am\u00e9ricas, a trav\u00e9s de una carta dirigida al jefe del Estado, Pedro Pablo Kuczynski.<\/span><\/p>\n<p><span style=\"color: #000000;\">Morales consider\u00f3 que la exclusi\u00f3n de Venezuela ser\u00eda contraria a los prop\u00f3sitos y principios de la Carta de las Naciones Unidas y a la Proclama de Am\u00e9rica Latina y Caribe como Zona de Paz.<\/span><\/p>\n<p><span style=\"color: #000000;\">Tambi\u00e9n argument\u00f3 que el acuerdo entre la secretar\u00eda general de la Organizaci\u00f3n de Estados Americanos (OEA) y el Per\u00fa, relativo a la celebraci\u00f3n de la VIII Cumbre de las Am\u00e9ricas, suscrito en Washington el 20 de julio de 2017, no le da al Gobierno peruano la atribuci\u00f3n de decidir los participantes.<\/span><\/p>\n<p><span style=\"color: #000000;\">\u00abAl tratarse de un evento nacido en el seno de una organizaci\u00f3n internacional de car\u00e1cter intergubernamental y no una iniciativa nacional propia de la Rep\u00fablica del Per\u00fa, no permitir la participaci\u00f3n de Venezuela, va en contra de los fundamentos jur\u00eddicos y pol\u00edticos de la OEA\u00bb, indic\u00f3.<\/span><\/p>\n<p><span style=\"color: #000000;\">El mandatario boliviano llam\u00f3 a evitar crear un mal precedente que lleve a regular los procesos de integraci\u00f3n bajo conductas arbitrarias, intolerantes y unilaterales.<\/span><\/p>\n<p><span style=\"color: #000000;\">\u00abConfiamos en la vocaci\u00f3n integracionista e independentista de la Rep\u00fablica del Per\u00fa\u00bb, a\u00f1adi\u00f3 Morales.<\/span><\/p>\n","protected":false},"excerpt":{"rendered":"<p>El presidente de Bolivia, Evo Morales, pidi\u00f3 al Per\u00fa dejar sin efecto el retiro de la invitaci\u00f3n de Nicol\u00e1s Maduro a la VIII Cumbre de las Am\u00e9ricas. La Paz, 14 Marzo 2018, (ANDINA).- El presidente de Bolivia, Evo Morales, pidi\u00f3 al Per\u00fa dejar sin efecto el retiro de la invitaci\u00f3n de Nicol\u00e1s Maduro a la [&hellip;]<\/p>\n","protected":false},"author":1,"featured_media":23661,"comment_status":"open","ping_status":"open","sticky":false,"template":"","format":"standard","meta":{"rop_custom_images_group":[],"rop_custom_messages_group":[],"rop_publish_now":"initial","rop_publish_now_accounts":[],"rop_publish_now_history":[],"rop_publish_now_status":"pending","footnotes":""},"categories":[5],"tags":[2119,1974,74,2598],"class_list":["post-23660","post","type-post","status-publish","format-standard","has-post-thumbnail","hentry","category-actualidad-informativa","tag-evo-morales","tag-nicolas-maduro","tag-pedro-pablo-kuczynski","tag-viii-cumbre-de-las-americas"],"_links":{"self":[{"href":"https:\/\/elinformanteperu.com\/index.php\/wp-json\/wp\/v2\/posts\/23660","targetHints":{"allow":["GET"]}}],"collection":[{"href":"https:\/\/elinformanteperu.com\/index.php\/wp-json\/wp\/v2\/posts"}],"about":[{"href":"https:\/\/elinformanteperu.com\/index.php\/wp-json\/wp\/v2\/types\/post"}],"author":[{"embeddable":true,"href":"https:\/\/elinformanteperu.com\/index.php\/wp-json\/wp\/v2\/users\/1"}],"replies":[{"embeddable":true,"href":"https:\/\/elinformanteperu.com\/index.php\/wp-json\/wp\/v2\/comments?post=23660"}],"version-history":[{"count":1,"href":"https:\/\/elinformanteperu.com\/index.php\/wp-json\/wp\/v2\/posts\/23660\/revisions"}],"predecessor-version":[{"id":23662,"href":"https:\/\/elinformanteperu.com\/index.php\/wp-json\/wp\/v2\/posts\/23660\/revisions\/23662"}],"wp:featuredmedia":[{"embeddable":true,"href":"https:\/\/elinformanteperu.com\/index.php\/wp-json\/wp\/v2\/media\/23661"}],"wp:attachment":[{"href":"https:\/\/elinformanteperu.com\/index.php\/wp-json\/wp\/v2\/media?parent=23660"}],"wp:term":[{"taxonomy":"category","embeddable":true,"href":"https:\/\/elinformanteperu.com\/index.php\/wp-json\/wp\/v2\/categories?post=23660"},{"taxonomy":"post_tag","embeddable":true,"href":"https:\/\/elinformanteperu.com\/index.php\/wp-json\/wp\/v2\/tags?post=23660"}],"curies":[{"name":"wp","href":"https:\/\/api.w.org\/{rel}","templated":true}]}}