{"id":23657,"date":"2018-03-14T22:15:17","date_gmt":"2018-03-15T03:15:17","guid":{"rendered":"http:\/\/elinformanteperu.com\/?p=23657"},"modified":"2018-03-14T22:15:17","modified_gmt":"2018-03-15T03:15:17","slug":"mercedes-araoz-mocion-de-vacancia-es-ilegitima-e-inconstitucional","status":"publish","type":"post","link":"https:\/\/elinformanteperu.com\/index.php\/2018\/03\/14\/mercedes-araoz-mocion-de-vacancia-es-ilegitima-e-inconstitucional\/","title":{"rendered":"Mercedes Ar\u00e1oz: Moci\u00f3n de vacancia es ileg\u00edtima e inconstitucional"},"content":{"rendered":"<p><strong><span style=\"color: #000000;\">La presidenta del Consejo de Ministros, Mercedes Ar\u00e1oz, asegur\u00f3 que la moci\u00f3n de vacancia contra el presidente Pedro Pablo Kuczynski se basa en posiciones ileg\u00edtimas.<\/span><\/strong><\/p>\n<p><span style=\"color: #000000;\"><strong>Lima, 14 Marzo 2018, (ANDINA).<\/strong>&#8211; La presidenta del Consejo de Ministros, Mercedes Ar\u00e1oz, asegur\u00f3 que la moci\u00f3n de vacancia contra el presidente Pedro Pablo Kuczynski se basa en posiciones ileg\u00edtimas, y dijo esperar que durante el debate de la admisi\u00f3n se demuestre que es innecesario para el pa\u00eds.<\/span><\/p>\n<p><span style=\"color: #000000;\">Tras culminar una nueva sesi\u00f3n del Consejo de Ministros, asegur\u00f3 que los ministros que tambi\u00e9n son parlamentarios asistir\u00e1n ma\u00f1ana a la sesi\u00f3n del Pleno del Congreso en el cual se debatir\u00e1 la admisi\u00f3n o no de la vacancia presidencial.<\/span><\/p>\n<p><span style=\"color: #000000;\">\u201cEstamos expectantes, como Gabinete creemos que esta vacancia est\u00e1 basada en posiciones ileg\u00edtimas por la forma en que fue presentada, basta recordar que se inici\u00f3 por parte de los grupos de izquierda por el indulto, en una actitud revanchista, y en el devenir ha ido modific\u00e1ndose\u201d, apunt\u00f3.<\/span><\/p>\n<p><span style=\"color: #000000;\">Insisti\u00f3 en que la moci\u00f3n de vacancia no tiene nada nuevo respecto a la moci\u00f3n que se debati\u00f3 y rechaz\u00f3 en el Congreso, por lo que pidi\u00f3 a las bancadas tomar una actitud responsable y no desconocer que el pa\u00eds quiere que sus pol\u00edticos salgan del debate pol\u00edtico y trabajen.<\/span><\/p>\n<p><span style=\"color: #000000;\">\u201cEstamos yendo en contra de la ciudadan\u00eda, no estamos trabajando para ellos, eso genera inestabilidad para crear valor, trabajo, dar tranquilidad a la ciudadan\u00eda para poder avanzar. No hay ninguna causal real de vacancia, es una moci\u00f3n ileg\u00edtima e inconstitucional\u201d, sostuvo.<\/span><\/p>\n<p><span style=\"color: #000000;\">La moci\u00f3n de vacancia, en su opini\u00f3n, es impulsada por una mayor\u00eda que no usa adecuadamente el poder concedido por la ciudadan\u00eda y genera inestabilidad ante la proximidad de la Cumbre de las Am\u00e9ricas.<\/span><\/p>\n<p><span style=\"color: #000000;\">Asegur\u00f3 que el pa\u00eds no puede mostrarse al mundo como una naci\u00f3n inestable, despu\u00e9s de haber demostrado en los \u00faltimos procesos democr\u00e1ticos que puede caminar con concertaci\u00f3n y que somos un pa\u00eds s\u00f3lido rumbo al 2021.<\/span><\/p>\n<p><strong><span style=\"color: #000000;\">Nadie cuestiona lealtad de Vizcarra<\/span><\/strong><\/p>\n<p><span style=\"color: #000000;\">Mercedes Ar\u00e1oz, de otro lado, indic\u00f3 que nadie ha cuestionado la lealtad del primer vicepresidente Mart\u00edn Vizcarra ni ha se\u00f1alado que est\u00e1 negociando con alguien.<\/span><\/p>\n<p><span style=\"color: #000000;\">Sostuvo que tiene una real amistad y respeto por Mart\u00edn Vizcarra.<\/span><\/p>\n<p><span style=\"color: #000000;\">\u201cLa invocaci\u00f3n que hice fue porque se pronuncie, para algunos (sus dichos) pueden ser incompleto, pero me da la impresi\u00f3n, de lo que dice, que es leal al presidente, a la gobernabilidad del pa\u00eds, y que sigue trabajando\u201d, afirm\u00f3.<\/span><\/p>\n<p><span style=\"color: #000000;\">Dijo estar segura que Vizcarra pondr\u00e1 los puntos sobre las \u00edes en el momento en que sea conveniente.<\/span><\/p>\n<p><strong><span style=\"color: #000000;\">Investigaci\u00f3n al Presidente<\/span><\/strong><\/p>\n<p><span style=\"color: #000000;\">La jefa del Gabinete Ministerial tambi\u00e9n indic\u00f3 que el presidente Kuczynski asumir\u00e1 su defensa en la investigaci\u00f3n que le abri\u00f3 la Fiscal\u00eda por la firma del contrato de Camisea, el 2004, cuando era ministro de Estado en el gobierno de Alejandro Toledo, aun cuando fue abierto sin nuevos elementos.<\/span><\/p>\n<p><span style=\"color: #000000;\">Asegur\u00f3 tambi\u00e9n que la esposa del presidente, Nancy Lange, asistir\u00e1 a la Fiscal\u00eda que la cit\u00f3 como testigo y que se informar\u00e1 a la comisi\u00f3n Lava Jato la f\u00f3rmula m\u00e1s adecuada para que el viernes recojan el testimonio del presidente Kuczynski.<\/span><\/p>\n<p>https:\/\/www.facebook.com\/PCMPERU\/videos\/1884061414960170\/<\/p>\n","protected":false},"excerpt":{"rendered":"<p>La presidenta del Consejo de Ministros, Mercedes Ar\u00e1oz, asegur\u00f3 que la moci\u00f3n de vacancia contra el presidente Pedro Pablo Kuczynski se basa en posiciones ileg\u00edtimas. Lima, 14 Marzo 2018, (ANDINA).&#8211; La presidenta del Consejo de Ministros, Mercedes Ar\u00e1oz, asegur\u00f3 que la moci\u00f3n de vacancia contra el presidente Pedro Pablo Kuczynski se basa en posiciones ileg\u00edtimas, [&hellip;]<\/p>\n","protected":false},"author":1,"featured_media":23658,"comment_status":"open","ping_status":"open","sticky":false,"template":"","format":"standard","meta":{"rop_custom_images_group":[],"rop_custom_messages_group":[],"rop_publish_now":"initial","rop_publish_now_accounts":[],"rop_publish_now_history":[],"rop_publish_now_status":"pending","footnotes":""},"categories":[5],"tags":[79,189,2577],"class_list":["post-23657","post","type-post","status-publish","format-standard","has-post-thumbnail","hentry","category-actualidad-informativa","tag-mercedes-araoz","tag-pcm","tag-vacancia-ppk"],"_links":{"self":[{"href":"https:\/\/elinformanteperu.com\/index.php\/wp-json\/wp\/v2\/posts\/23657","targetHints":{"allow":["GET"]}}],"collection":[{"href":"https:\/\/elinformanteperu.com\/index.php\/wp-json\/wp\/v2\/posts"}],"about":[{"href":"https:\/\/elinformanteperu.com\/index.php\/wp-json\/wp\/v2\/types\/post"}],"author":[{"embeddable":true,"href":"https:\/\/elinformanteperu.com\/index.php\/wp-json\/wp\/v2\/users\/1"}],"replies":[{"embeddable":true,"href":"https:\/\/elinformanteperu.com\/index.php\/wp-json\/wp\/v2\/comments?post=23657"}],"version-history":[{"count":1,"href":"https:\/\/elinformanteperu.com\/index.php\/wp-json\/wp\/v2\/posts\/23657\/revisions"}],"predecessor-version":[{"id":23659,"href":"https:\/\/elinformanteperu.com\/index.php\/wp-json\/wp\/v2\/posts\/23657\/revisions\/23659"}],"wp:featuredmedia":[{"embeddable":true,"href":"https:\/\/elinformanteperu.com\/index.php\/wp-json\/wp\/v2\/media\/23658"}],"wp:attachment":[{"href":"https:\/\/elinformanteperu.com\/index.php\/wp-json\/wp\/v2\/media?parent=23657"}],"wp:term":[{"taxonomy":"category","embeddable":true,"href":"https:\/\/elinformanteperu.com\/index.php\/wp-json\/wp\/v2\/categories?post=23657"},{"taxonomy":"post_tag","embeddable":true,"href":"https:\/\/elinformanteperu.com\/index.php\/wp-json\/wp\/v2\/tags?post=23657"}],"curies":[{"name":"wp","href":"https:\/\/api.w.org\/{rel}","templated":true}]}}