{"id":23263,"date":"2018-03-07T23:09:06","date_gmt":"2018-03-08T04:09:06","guid":{"rendered":"http:\/\/elinformanteperu.com\/?p=23263"},"modified":"2018-03-07T23:09:06","modified_gmt":"2018-03-08T04:09:06","slug":"gerardo-sepulveda-respondio-mas-de-100-preguntas-ante-fiscales-en-chile","status":"publish","type":"post","link":"https:\/\/elinformanteperu.com\/index.php\/2018\/03\/07\/gerardo-sepulveda-respondio-mas-de-100-preguntas-ante-fiscales-en-chile\/","title":{"rendered":"Gerardo Sep\u00falveda respondi\u00f3 m\u00e1s de 100 preguntas ante fiscales en Chile"},"content":{"rendered":"<p><strong><span style=\"color: #000000;\">El empresario Gerardo Sep\u00falveda respondi\u00f3 m\u00e1s de 100 preguntas durante las m\u00e1s de 13 horas que dur\u00f3 el interrogatorio a cargo del Equipo Especial de la Fiscal\u00eda en Santiago de Chile.<\/span><\/strong><\/p>\n<p><span style=\"color: #000000;\"><strong>Lima, 07 Marzo 2018, (ANDINA).-<\/strong> El empresario Gerardo Sep\u00falveda respondi\u00f3 m\u00e1s de 100 preguntas durante las m\u00e1s de 13 horas que dur\u00f3 el interrogatorio a cargo del Equipo Especial de la Fiscal\u00eda en Santiago de Chile, inform\u00f3 el Ministerio P\u00fablico.<\/span><\/p>\n<p><span style=\"color: #000000;\">La diligencia se realiz\u00f3 en la Fiscal\u00eda de las Condes y, de acuerdo a las normas establecidas por la cooperaci\u00f3n judicial internacional, fue dirigida por la fiscal chilena Carmen Gloria Guevara.<\/span><\/p>\n<p><span style=\"color: #000000;\">Se cont\u00f3, adem\u00e1s, con la intervenci\u00f3n, previamente solicitada y autorizada, del fiscal del Equipo Especial Hamilton Castro, los abogados del testigo y el procurador ad hoc Jorge Ram\u00edrez.<\/span><\/p>\n<p><span style=\"color: #000000;\">Esta testimonial, precis\u00f3 el Ministerio P\u00fablico, es resultado de una solicitud de asistencia judicial internacional, cursada por el Equipo Especial a las autoridades competentes de Chile a trav\u00e9s de la Unidad de Cooperaci\u00f3n Judicial Internacional y de Extradiciones de la Fiscal\u00eda de la Naci\u00f3n.<\/span><\/p>\n<p><span style=\"color: #000000;\">El interrogatorio a Gerardo Sep\u00falveda se dio en el marco de la investigaci\u00f3n preliminar abierta en relaci\u00f3n con los pagos realizados por empresas del grupo Odebrecht a las firmas Westfield, First Capital y otras que forman parte de la carpeta fiscal 31-2017.<\/span><\/p>\n<p><span style=\"color: #000000;\">El Equipo Especial ha ordenado diversas diligencias que permitir\u00e1n corroborar la documentaci\u00f3n entregada por el empresario durante su declaraci\u00f3n testimonial en Chile, remarc\u00f3 el Ministerio P\u00fablico.<\/span><\/p>\n<p><span style=\"color: #000000;\">\u00abLa informaci\u00f3n proporcionada en dicha declaraci\u00f3n, que incluye documentaci\u00f3n requerida por la Fiscal\u00eda y entregada por el testigo, debe ser contrastada con la documentaci\u00f3n bancaria y contractual que forma parte de la investigaci\u00f3n fiscal en curso, as\u00ed como con otras versiones existentes sobre los hechos investigados\u00bb, sostuvo Hamilton Castro.<\/span><\/p>\n","protected":false},"excerpt":{"rendered":"<p>El empresario Gerardo Sep\u00falveda respondi\u00f3 m\u00e1s de 100 preguntas durante las m\u00e1s de 13 horas que dur\u00f3 el interrogatorio a cargo del Equipo Especial de la Fiscal\u00eda en Santiago de Chile. Lima, 07 Marzo 2018, (ANDINA).- El empresario Gerardo Sep\u00falveda respondi\u00f3 m\u00e1s de 100 preguntas durante las m\u00e1s de 13 horas que dur\u00f3 el interrogatorio [&hellip;]<\/p>\n","protected":false},"author":1,"featured_media":23264,"comment_status":"open","ping_status":"open","sticky":false,"template":"","format":"standard","meta":{"rop_custom_images_group":[],"rop_custom_messages_group":[],"rop_publish_now":"initial","rop_publish_now_accounts":[],"rop_publish_now_history":[],"rop_publish_now_status":"pending","footnotes":""},"categories":[5],"tags":[2574,619],"class_list":["post-23263","post","type-post","status-publish","format-standard","has-post-thumbnail","hentry","category-actualidad-informativa","tag-gerardo-sepulveda","tag-odebrecht"],"_links":{"self":[{"href":"https:\/\/elinformanteperu.com\/index.php\/wp-json\/wp\/v2\/posts\/23263","targetHints":{"allow":["GET"]}}],"collection":[{"href":"https:\/\/elinformanteperu.com\/index.php\/wp-json\/wp\/v2\/posts"}],"about":[{"href":"https:\/\/elinformanteperu.com\/index.php\/wp-json\/wp\/v2\/types\/post"}],"author":[{"embeddable":true,"href":"https:\/\/elinformanteperu.com\/index.php\/wp-json\/wp\/v2\/users\/1"}],"replies":[{"embeddable":true,"href":"https:\/\/elinformanteperu.com\/index.php\/wp-json\/wp\/v2\/comments?post=23263"}],"version-history":[{"count":1,"href":"https:\/\/elinformanteperu.com\/index.php\/wp-json\/wp\/v2\/posts\/23263\/revisions"}],"predecessor-version":[{"id":23265,"href":"https:\/\/elinformanteperu.com\/index.php\/wp-json\/wp\/v2\/posts\/23263\/revisions\/23265"}],"wp:featuredmedia":[{"embeddable":true,"href":"https:\/\/elinformanteperu.com\/index.php\/wp-json\/wp\/v2\/media\/23264"}],"wp:attachment":[{"href":"https:\/\/elinformanteperu.com\/index.php\/wp-json\/wp\/v2\/media?parent=23263"}],"wp:term":[{"taxonomy":"category","embeddable":true,"href":"https:\/\/elinformanteperu.com\/index.php\/wp-json\/wp\/v2\/categories?post=23263"},{"taxonomy":"post_tag","embeddable":true,"href":"https:\/\/elinformanteperu.com\/index.php\/wp-json\/wp\/v2\/tags?post=23263"}],"curies":[{"name":"wp","href":"https:\/\/api.w.org\/{rel}","templated":true}]}}