{"id":23255,"date":"2018-03-07T22:53:00","date_gmt":"2018-03-08T03:53:00","guid":{"rendered":"http:\/\/elinformanteperu.com\/?p=23255"},"modified":"2018-03-07T22:53:00","modified_gmt":"2018-03-08T03:53:00","slug":"simeone-desea-lo-mejor-a-gareca-y-que-peru-haga-un-buen-mundial","status":"publish","type":"post","link":"https:\/\/elinformanteperu.com\/index.php\/2018\/03\/07\/simeone-desea-lo-mejor-a-gareca-y-que-peru-haga-un-buen-mundial\/","title":{"rendered":"Simeone desea lo \u00abmejor\u00bb a Gareca y que Per\u00fa haga \u00abun buen\u00bb Mundial"},"content":{"rendered":"<p><strong><span style=\"color: #000000;\">El argentino Diego Simeone, entrenador del Atl\u00e9tico de Madrid, dese\u00f3 \u00ablo mejor\u00bb a su compatriota Ricardo Gareca, seleccionador de Per\u00fa, al que quiere \u00abmucho\u00bb.<\/span><\/strong><\/p>\n<p><span style=\"color: #000000;\"><strong>Lima, 07 Marzo 2018, (ANDINA).-<\/strong> El argentino Diego Simeone, entrenador del Atl\u00e9tico de Madrid, dese\u00f3 \u00ablo mejor\u00bb a su compatriota Ricardo Gareca, seleccionador de Per\u00fa, al que quiere \u00abmucho\u00bb, y esper\u00f3 que tanto \u00e9l como su equipo hagan \u00abun buen\u00bb Mundial en Rusia 2018.<\/span><\/p>\n<p><span style=\"color: #000000;\">\u00abDe Ricardo he tenido la suerte de verlo hace poco, charlando un poco de f\u00fatbol ac\u00e1 en Madrid. Desearle lo mejor. Lo quiero mucho, tuve la suerte de compartir vestuario con \u00e9l con 18 a\u00f1os, me ense\u00f1\u00f3 mucho y deseando que tanto \u00e9l como Per\u00fa hagan un buen Mundial\u00bb, dijo en rueda de prensa en el estadio Wanda Metropolitano.<\/span><\/p>\n<p><img fetchpriority=\"high\" decoding=\"async\" class=\"aligncenter size-full wp-image-22540\" src=\"http:\/\/elinformanteperu.com\/wp-content\/uploads\/2018\/02\/gareca-simeone.jpg\" alt=\"\" width=\"1800\" height=\"1200\" srcset=\"https:\/\/elinformanteperu.com\/wp-content\/uploads\/2018\/02\/gareca-simeone.jpg 1800w, https:\/\/elinformanteperu.com\/wp-content\/uploads\/2018\/02\/gareca-simeone-300x200.jpg 300w, https:\/\/elinformanteperu.com\/wp-content\/uploads\/2018\/02\/gareca-simeone-768x512.jpg 768w, https:\/\/elinformanteperu.com\/wp-content\/uploads\/2018\/02\/gareca-simeone-1024x683.jpg 1024w, https:\/\/elinformanteperu.com\/wp-content\/uploads\/2018\/02\/gareca-simeone-128x85.jpg 128w, https:\/\/elinformanteperu.com\/wp-content\/uploads\/2018\/02\/gareca-simeone-32x21.jpg 32w\" sizes=\"(max-width: 1800px) 100vw, 1800px\" \/><\/p>\n","protected":false},"excerpt":{"rendered":"<p>El argentino Diego Simeone, entrenador del Atl\u00e9tico de Madrid, dese\u00f3 \u00ablo mejor\u00bb a su compatriota Ricardo Gareca, seleccionador de Per\u00fa, al que quiere \u00abmucho\u00bb. Lima, 07 Marzo 2018, (ANDINA).- El argentino Diego Simeone, entrenador del Atl\u00e9tico de Madrid, dese\u00f3 \u00ablo mejor\u00bb a su compatriota Ricardo Gareca, seleccionador de Per\u00fa, al que quiere \u00abmucho\u00bb, y esper\u00f3 [&hellip;]<\/p>\n","protected":false},"author":1,"featured_media":8790,"comment_status":"open","ping_status":"open","sticky":false,"template":"","format":"standard","meta":{"rop_custom_images_group":[],"rop_custom_messages_group":[],"rop_publish_now":"initial","rop_publish_now_accounts":[],"rop_publish_now_history":[],"rop_publish_now_status":"pending","footnotes":""},"categories":[8],"tags":[1424,92],"class_list":["post-23255","post","type-post","status-publish","format-standard","has-post-thumbnail","hentry","category-disciplinas-deportivas","tag-diego-simeone","tag-ricardo-gareca"],"_links":{"self":[{"href":"https:\/\/elinformanteperu.com\/index.php\/wp-json\/wp\/v2\/posts\/23255","targetHints":{"allow":["GET"]}}],"collection":[{"href":"https:\/\/elinformanteperu.com\/index.php\/wp-json\/wp\/v2\/posts"}],"about":[{"href":"https:\/\/elinformanteperu.com\/index.php\/wp-json\/wp\/v2\/types\/post"}],"author":[{"embeddable":true,"href":"https:\/\/elinformanteperu.com\/index.php\/wp-json\/wp\/v2\/users\/1"}],"replies":[{"embeddable":true,"href":"https:\/\/elinformanteperu.com\/index.php\/wp-json\/wp\/v2\/comments?post=23255"}],"version-history":[{"count":1,"href":"https:\/\/elinformanteperu.com\/index.php\/wp-json\/wp\/v2\/posts\/23255\/revisions"}],"predecessor-version":[{"id":23256,"href":"https:\/\/elinformanteperu.com\/index.php\/wp-json\/wp\/v2\/posts\/23255\/revisions\/23256"}],"wp:featuredmedia":[{"embeddable":true,"href":"https:\/\/elinformanteperu.com\/index.php\/wp-json\/wp\/v2\/media\/8790"}],"wp:attachment":[{"href":"https:\/\/elinformanteperu.com\/index.php\/wp-json\/wp\/v2\/media?parent=23255"}],"wp:term":[{"taxonomy":"category","embeddable":true,"href":"https:\/\/elinformanteperu.com\/index.php\/wp-json\/wp\/v2\/categories?post=23255"},{"taxonomy":"post_tag","embeddable":true,"href":"https:\/\/elinformanteperu.com\/index.php\/wp-json\/wp\/v2\/tags?post=23255"}],"curies":[{"name":"wp","href":"https:\/\/api.w.org\/{rel}","templated":true}]}}