{"id":23241,"date":"2018-03-07T00:18:38","date_gmt":"2018-03-07T05:18:38","guid":{"rendered":"http:\/\/elinformanteperu.com\/?p=23241"},"modified":"2018-03-07T00:18:38","modified_gmt":"2018-03-07T05:18:38","slug":"caso-odebrecht-pleno-del-congreso-debatiria-norma-que-sustituye-al-du-003-este-jueves","status":"publish","type":"post","link":"https:\/\/elinformanteperu.com\/index.php\/2018\/03\/07\/caso-odebrecht-pleno-del-congreso-debatiria-norma-que-sustituye-al-du-003-este-jueves\/","title":{"rendered":"Caso Odebrecht: Pleno del Congreso debatir\u00eda norma que sustituye al DU 003 este jueves"},"content":{"rendered":"<p><strong><span style=\"color: #000000;\">Las comisiones de Econom\u00eda y Justicia del Congreso de la Rep\u00fablica aprobaron el proyecto de ley 2408, que reemplazar\u00e1 al Decreto de Urgencia (DU) 003.<\/span><\/strong><\/p>\n<p><span style=\"color: #000000;\"><strong>Lima, 06 Marzo 2018, (ANDINA).-<\/strong> Las comisiones de Econom\u00eda y Justicia del Congreso de la Rep\u00fablica aprobaron el proyecto de ley 2408, que reemplazar\u00e1 al Decreto de Urgencia (DU) 003, y este jueves ser\u00eda debatido en la sesi\u00f3n del Pleno del Parlamento, parar acelerar inversiones.<\/span><\/p>\n<p><span style=\"color: #000000;\">El anuncio lo hizo el presidente de la Comisi\u00f3n de Justicia del Congreso, Salvador Heresi, luego de que las comisiones de Econom\u00eda y Justicia realizaran la votaci\u00f3n respectiva.<\/span><\/p>\n<p><span style=\"color: #000000;\">Coment\u00f3 que se solicitar\u00eda la exoneraci\u00f3n del tr\u00e1mite de publicaci\u00f3n del dictamen con la finalidad de que su debate sea programado para este jueves en el Pleno.<\/span><\/p>\n<p><strong><span style=\"color: #000000;\">Urgencia<\/span><\/strong><\/p>\n<p><span style=\"color: #000000;\">Por su parte, el congresista Gino Costa, manifest\u00f3 que se necesita que se apruebe la propuesta del DU 003 porque no se puede volver a prorrogar el citado DU, que vence este 13 de marzo, y porque adem\u00e1s, Odebrecht podr\u00eda vender sus activos en el Per\u00fa.<\/span><\/p>\n<p><span style=\"color: #000000;\">Cabe indicar que en febrero pasado el Gobierno el prorrog\u00f3 el DU 003 por 30 d\u00edas, cuyo vencimiento es este 13 de marzo, con la con la finalidad de evitar la paralizaci\u00f3n de obras p\u00fablicas y asociaciones p\u00fablicas privadas (APP), adem\u00e1s de la ruptura de la cadena de pagos, as\u00ed como viabilizar las reparaciones civiles.<\/span><\/p>\n<p><span style=\"color: #000000;\">Refiri\u00f3 que es relevante brindar una soluci\u00f3n a este tema porque se est\u00e1 afectando la econom\u00eda de los trabajadores, del sistema financiero y la actividad econ\u00f3mica en general.<\/span><\/p>\n<p><span style=\"color: #000000;\">Es importante resaltar que el Instituto Peruano de Econom\u00eda (IPE) estim\u00f3 en febrero pasado que el buen funcionamiento y operatividad del nuevo DU 003 podr\u00eda impulsar el Producto Bruto Interno (PBI) peruano por encima de 4% este a\u00f1o.<\/span><\/p>\n","protected":false},"excerpt":{"rendered":"<p>Las comisiones de Econom\u00eda y Justicia del Congreso de la Rep\u00fablica aprobaron el proyecto de ley 2408, que reemplazar\u00e1 al Decreto de Urgencia (DU) 003. Lima, 06 Marzo 2018, (ANDINA).- Las comisiones de Econom\u00eda y Justicia del Congreso de la Rep\u00fablica aprobaron el proyecto de ley 2408, que reemplazar\u00e1 al Decreto de Urgencia (DU) 003, [&hellip;]<\/p>\n","protected":false},"author":1,"featured_media":14657,"comment_status":"open","ping_status":"open","sticky":false,"template":"","format":"standard","meta":{"rop_custom_images_group":[],"rop_custom_messages_group":[],"rop_publish_now":"initial","rop_publish_now_accounts":[],"rop_publish_now_history":[],"rop_publish_now_status":"pending","footnotes":""},"categories":[5],"tags":[192,295],"class_list":["post-23241","post","type-post","status-publish","format-standard","has-post-thumbnail","hentry","category-actualidad-informativa","tag-congreso","tag-fuerza-popular"],"_links":{"self":[{"href":"https:\/\/elinformanteperu.com\/index.php\/wp-json\/wp\/v2\/posts\/23241","targetHints":{"allow":["GET"]}}],"collection":[{"href":"https:\/\/elinformanteperu.com\/index.php\/wp-json\/wp\/v2\/posts"}],"about":[{"href":"https:\/\/elinformanteperu.com\/index.php\/wp-json\/wp\/v2\/types\/post"}],"author":[{"embeddable":true,"href":"https:\/\/elinformanteperu.com\/index.php\/wp-json\/wp\/v2\/users\/1"}],"replies":[{"embeddable":true,"href":"https:\/\/elinformanteperu.com\/index.php\/wp-json\/wp\/v2\/comments?post=23241"}],"version-history":[{"count":1,"href":"https:\/\/elinformanteperu.com\/index.php\/wp-json\/wp\/v2\/posts\/23241\/revisions"}],"predecessor-version":[{"id":23242,"href":"https:\/\/elinformanteperu.com\/index.php\/wp-json\/wp\/v2\/posts\/23241\/revisions\/23242"}],"wp:featuredmedia":[{"embeddable":true,"href":"https:\/\/elinformanteperu.com\/index.php\/wp-json\/wp\/v2\/media\/14657"}],"wp:attachment":[{"href":"https:\/\/elinformanteperu.com\/index.php\/wp-json\/wp\/v2\/media?parent=23241"}],"wp:term":[{"taxonomy":"category","embeddable":true,"href":"https:\/\/elinformanteperu.com\/index.php\/wp-json\/wp\/v2\/categories?post=23241"},{"taxonomy":"post_tag","embeddable":true,"href":"https:\/\/elinformanteperu.com\/index.php\/wp-json\/wp\/v2\/tags?post=23241"}],"curies":[{"name":"wp","href":"https:\/\/api.w.org\/{rel}","templated":true}]}}