{"id":23232,"date":"2018-03-05T02:04:24","date_gmt":"2018-03-05T07:04:24","guid":{"rendered":"http:\/\/elinformanteperu.com\/?p=23232"},"modified":"2018-03-05T02:04:24","modified_gmt":"2018-03-05T07:04:24","slug":"kuczynski-susana-de-la-puente-vendra-al-pais-para-explicar-ante-las-autoridades","status":"publish","type":"post","link":"https:\/\/elinformanteperu.com\/index.php\/2018\/03\/05\/kuczynski-susana-de-la-puente-vendra-al-pais-para-explicar-ante-las-autoridades\/","title":{"rendered":"Kuczynski: Susana de la Puente vendr\u00e1 al pa\u00eds para explicar ante las autoridades"},"content":{"rendered":"<p><strong><span style=\"color: #000000;\">La embajadora del Per\u00fa en el Reino Unido, Susana de la Puente, vendr\u00e1 al pa\u00eds a explicar ante las autoridades su posici\u00f3n en torno a los se\u00f1alamientos de Jorge Barata.<\/span><\/strong><\/p>\n<p><span style=\"color: #000000;\"><strong>Lima, 04 Marzo 2018, (ANDINA).-<\/strong> La embajadora del Per\u00fa en el Reino Unido, Susana de la Puente, vendr\u00e1 al pa\u00eds a explicar ante las autoridades su posici\u00f3n en torno a los se\u00f1alamientos de Jorge Barata, exrepresentante de Odebrecht en el Per\u00fa, indic\u00f3 el presidente de la Rep\u00fablica, Pedro Pablo Kuczynski.<\/span><\/p>\n<p><span style=\"color: #000000;\">\u201cElla est\u00e1 lista para venir al Per\u00fa y explicar la situaci\u00f3n ante las autoridades competentes que ser\u00e1 la fiscal\u00eda\u201d, refiri\u00f3 el Jefe de Estado en el programa Ama Llulla de TV Per\u00fa.<\/span><\/p>\n<p><span style=\"color: #000000;\">\u201cHe conversado con ella, le pregunt\u00e9 tu recuerdas esto, me dijo no, le dije vendr\u00e1s a explicar y vendr\u00e1 a explicar\u201d, a\u00f1adi\u00f3.<\/span><\/p>\n<p><span style=\"color: #000000;\">Reiter\u00f3 que la Alianza por el Gran Cambio, bloque con el cual particip\u00f3 en las elecciones de 2011, no recibi\u00f3 recursos de la constructora Odebrecht y cuestion\u00f3 que Jorge Barata pase de \u201cacusado a acusador\u201d con sus declaraciones.<\/span><\/p>\n<p><span style=\"color: #000000;\">En esas elecciones, seg\u00fan record\u00f3, los candidatos principales fueron Keiko Fujimori y Ollanta Humala. Su candidatura tuvo una crecida con su campa\u00f1a, pero no fue lo suficiente para pasar a la segunda vuelta.<\/span><\/p>\n<p><span style=\"color: #000000;\">\u201cLo que me preocupa es que esto es un episodio en una serie televisiva, de acusado a acusador podr\u00eda llamarse esta novela, un se\u00f1or que supuestamente ha distribuido coimas en el Per\u00fa es ahora el gran acusador\u201d, apunt\u00f3.<\/span><\/p>\n<p><span style=\"color: #000000;\">Precis\u00f3 que todos estos hechos deben ser investigados en el Jurado Nacional de Elecciones (JNE), la Oficina Nacional de Proceso Electorales (ONPE) y en los tribunales que est\u00e1n ah\u00ed para eso.<\/span><\/p>\n<p><span style=\"color: #000000;\">Sostuvo tambi\u00e9n que har\u00e1 todas las indagaciones respecto a su campa\u00f1a de 2011, y que ir\u00e1 a la Comisi\u00f3n Lava Jato del Congreso de la Rep\u00fablica.<\/span><\/p>\n<p><span style=\"color: #000000;\">\u201cLo que no se puede hacer es crear una galer\u00eda de tiro donde a todos los mu\u00f1ecos que salen los mata el acusador y se lleva el gran premio\u201d, afirm\u00f3 el presidente Kuczynski.<\/span><\/p>\n<p><span style=\"color: #000000;\">Indic\u00f3 que el proceso de colaboraci\u00f3n eficaz, al cual se someti\u00f3 Jorge Barata, debe estar bien controlado, de lo contrario podr\u00eda convertirse en mecanismo que protege a los acusados.<\/span><\/p>\n<p><span style=\"color: #000000;\">El Mandatario, asimismo, explic\u00f3 que en el pasado fue ministro de Econom\u00eda y Finanzas y presidente del Consejo de Ministros por un periodo de mil d\u00edas y que nunca uso su cargo p\u00fablico para sus actividades privadas.<\/span><\/p>\n<p><span style=\"color: #000000;\">Neg\u00f3 tambi\u00e9n haberse reunido solo con Jorge Barata, a quien tal vez pudo haber recibido en grupo.<\/span><\/p>\n","protected":false},"excerpt":{"rendered":"<p>La embajadora del Per\u00fa en el Reino Unido, Susana de la Puente, vendr\u00e1 al pa\u00eds a explicar ante las autoridades su posici\u00f3n en torno a los se\u00f1alamientos de Jorge Barata. Lima, 04 Marzo 2018, (ANDINA).- La embajadora del Per\u00fa en el Reino Unido, Susana de la Puente, vendr\u00e1 al pa\u00eds a explicar ante las autoridades [&hellip;]<\/p>\n","protected":false},"author":1,"featured_media":7797,"comment_status":"open","ping_status":"open","sticky":false,"template":"","format":"standard","meta":{"rop_custom_images_group":[],"rop_custom_messages_group":[],"rop_publish_now":"initial","rop_publish_now_accounts":[],"rop_publish_now_history":[],"rop_publish_now_status":"pending","footnotes":""},"categories":[5],"tags":[1157,74,73,1962],"class_list":["post-23232","post","type-post","status-publish","format-standard","has-post-thumbnail","hentry","category-actualidad-informativa","tag-jorge-barata","tag-pedro-pablo-kuczynski","tag-ppk","tag-susana-de-la-puente"],"_links":{"self":[{"href":"https:\/\/elinformanteperu.com\/index.php\/wp-json\/wp\/v2\/posts\/23232","targetHints":{"allow":["GET"]}}],"collection":[{"href":"https:\/\/elinformanteperu.com\/index.php\/wp-json\/wp\/v2\/posts"}],"about":[{"href":"https:\/\/elinformanteperu.com\/index.php\/wp-json\/wp\/v2\/types\/post"}],"author":[{"embeddable":true,"href":"https:\/\/elinformanteperu.com\/index.php\/wp-json\/wp\/v2\/users\/1"}],"replies":[{"embeddable":true,"href":"https:\/\/elinformanteperu.com\/index.php\/wp-json\/wp\/v2\/comments?post=23232"}],"version-history":[{"count":1,"href":"https:\/\/elinformanteperu.com\/index.php\/wp-json\/wp\/v2\/posts\/23232\/revisions"}],"predecessor-version":[{"id":23233,"href":"https:\/\/elinformanteperu.com\/index.php\/wp-json\/wp\/v2\/posts\/23232\/revisions\/23233"}],"wp:featuredmedia":[{"embeddable":true,"href":"https:\/\/elinformanteperu.com\/index.php\/wp-json\/wp\/v2\/media\/7797"}],"wp:attachment":[{"href":"https:\/\/elinformanteperu.com\/index.php\/wp-json\/wp\/v2\/media?parent=23232"}],"wp:term":[{"taxonomy":"category","embeddable":true,"href":"https:\/\/elinformanteperu.com\/index.php\/wp-json\/wp\/v2\/categories?post=23232"},{"taxonomy":"post_tag","embeddable":true,"href":"https:\/\/elinformanteperu.com\/index.php\/wp-json\/wp\/v2\/tags?post=23232"}],"curies":[{"name":"wp","href":"https:\/\/api.w.org\/{rel}","templated":true}]}}