{"id":2319,"date":"2016-12-05T01:15:49","date_gmt":"2016-12-05T06:15:49","guid":{"rendered":"http:\/\/elinformanteperu.com\/?p=2319"},"modified":"2016-12-05T01:15:49","modified_gmt":"2016-12-05T06:15:49","slug":"nueve-meses-de-prision-preventiva-para-detenidos-por-disturbios-en-huaycan","status":"publish","type":"post","link":"https:\/\/elinformanteperu.com\/index.php\/2016\/12\/05\/nueve-meses-de-prision-preventiva-para-detenidos-por-disturbios-en-huaycan\/","title":{"rendered":"Nueve meses de prisi\u00f3n preventiva para detenidos por disturbios en Huayc\u00e1n"},"content":{"rendered":"<p style=\"text-align: justify;\"><strong>El Poder Judicial dict\u00f3 nueve meses de prisi\u00f3n preventiva contra los 34 detenidos por la Polic\u00eda Nacional a ra\u00edz de los recientes desmanes en Huayc\u00e1n.<\/strong><\/p>\n<p style=\"text-align: justify;\"><strong>Lima, 04 Diciembre 2016, (ANDINA).-<\/strong> El Poder Judicial dict\u00f3 nueve meses de prisi\u00f3n preventiva contra los 34 detenidos por la Polic\u00eda Nacional a ra\u00edz de los recientes desmanes en Huayc\u00e1n, que dejaron una persona muerta, numerosos heridos y cuantiosas p\u00e9rdidas materiales.<\/p>\n<p style=\"text-align: justify;\">Se inform\u00f3 que los detenidos ser\u00e1n trasladados en las pr\u00f3ximas horas a la Carceleta del Poder Judicial y, posteriormente, a un centro penitenciario.<\/p>\n<p style=\"text-align: justify;\">De este modo, el Poder Judicial acogi\u00f3 el pedido del Ministerio P\u00fablico, entidad que hab\u00eda solicitado la medida restrictiva.<\/p>\n<p style=\"text-align: justify;\">Al conocerse la noticia, los familiares de las personas detenidas rompieron en llanto y protestaron por lo que consideraron como una decisi\u00f3n injusta.<\/p>\n<p style=\"text-align: justify;\">La localidad de Huayc\u00e1n, al este de Lima, fue escenario los \u00faltimos d\u00edas de violentas protestas callejeras protagonizados por enardecidos vecinos que demandaban a la Polic\u00eda Nacional mayor seguridad contra supuestos traficantes de \u00f3rganos humanos.<\/p>\n<p style=\"text-align: justify;\">La existencia de esos traficantes ha sido desmentida por la Polic\u00eda Nacional del Per\u00fa.<\/p>\n","protected":false},"excerpt":{"rendered":"<p>El Poder Judicial dict\u00f3 nueve meses de prisi\u00f3n preventiva contra los 34 detenidos por la Polic\u00eda Nacional a ra\u00edz de los recientes desmanes en Huayc\u00e1n. Lima, 04 Diciembre 2016, (ANDINA).- El Poder Judicial dict\u00f3 nueve meses de prisi\u00f3n preventiva contra los 34 detenidos por la Polic\u00eda Nacional a ra\u00edz de los recientes desmanes en Huayc\u00e1n, [&hellip;]<\/p>\n","protected":false},"author":1,"featured_media":2320,"comment_status":"open","ping_status":"open","sticky":false,"template":"","format":"standard","meta":{"rop_custom_images_group":[],"rop_custom_messages_group":[],"rop_publish_now":"initial","rop_publish_now_accounts":[],"rop_publish_now_history":[],"rop_publish_now_status":"pending","footnotes":""},"categories":[10],"tags":[429,370,163],"class_list":["post-2319","post","type-post","status-publish","format-standard","has-post-thumbnail","hentry","category-actualidad-municipal","tag-huaycan","tag-ministerio-publico","tag-poder-judicial"],"_links":{"self":[{"href":"https:\/\/elinformanteperu.com\/index.php\/wp-json\/wp\/v2\/posts\/2319","targetHints":{"allow":["GET"]}}],"collection":[{"href":"https:\/\/elinformanteperu.com\/index.php\/wp-json\/wp\/v2\/posts"}],"about":[{"href":"https:\/\/elinformanteperu.com\/index.php\/wp-json\/wp\/v2\/types\/post"}],"author":[{"embeddable":true,"href":"https:\/\/elinformanteperu.com\/index.php\/wp-json\/wp\/v2\/users\/1"}],"replies":[{"embeddable":true,"href":"https:\/\/elinformanteperu.com\/index.php\/wp-json\/wp\/v2\/comments?post=2319"}],"version-history":[{"count":1,"href":"https:\/\/elinformanteperu.com\/index.php\/wp-json\/wp\/v2\/posts\/2319\/revisions"}],"predecessor-version":[{"id":2321,"href":"https:\/\/elinformanteperu.com\/index.php\/wp-json\/wp\/v2\/posts\/2319\/revisions\/2321"}],"wp:featuredmedia":[{"embeddable":true,"href":"https:\/\/elinformanteperu.com\/index.php\/wp-json\/wp\/v2\/media\/2320"}],"wp:attachment":[{"href":"https:\/\/elinformanteperu.com\/index.php\/wp-json\/wp\/v2\/media?parent=2319"}],"wp:term":[{"taxonomy":"category","embeddable":true,"href":"https:\/\/elinformanteperu.com\/index.php\/wp-json\/wp\/v2\/categories?post=2319"},{"taxonomy":"post_tag","embeddable":true,"href":"https:\/\/elinformanteperu.com\/index.php\/wp-json\/wp\/v2\/tags?post=2319"}],"curies":[{"name":"wp","href":"https:\/\/api.w.org\/{rel}","templated":true}]}}